{"id":75156,"date":"2018-12-07T05:08:00","date_gmt":"2018-12-07T07:08:00","guid":{"rendered":"http:\/\/progepe.ufpr.br\/portarias\/rt-2018-00663\/"},"modified":"2023-08-03T13:14:08","modified_gmt":"2023-08-03T16:14:08","slug":"rt-2018-00663","status":"publish","type":"post","link":"https:\/\/progepe.ufpr.br\/portarias\/rt-2018-00663\/","title":{"rendered":"PORTARIA N\u00ba 00663\/REITORIA, DE 07 DE DEZEMBRO DE 2018"},"content":{"rendered":"\n<p>O Reitor da Universidade Federal do Paran\u00e1, no uso de suas atribui\u00e7\u00f5es, tendo em vista o que consta no processo n\u00ba 23075.214881\/2017-22,<\/p>\n\n\n<p><strong>RESOLVE:<\/strong><\/p>\n\n\n<p>I. Autorizar a prorroga\u00e7\u00e3o da licen\u00e7a para prestar colabora\u00e7\u00e3o t\u00e9cnica junto ao Instituto Federal de Educa\u00e7\u00e3o, Ci\u00eancia e Tecnologia de Santa Catarina, com remunera\u00e7\u00e3o, por 01 (um) ano, a partir de 05 de fevereiro de 2019, para a servidora FABIANE MARQUES DA CRUZ CRIVELLARO &#8211; 1971450, ocupante do cargo de Assistente em Administra\u00e7\u00e3o, lotada na Coordena\u00e7\u00e3o de An\u00e1lise de Gest\u00e3o da Auditoria Interna do Gabinete do Reitor.<\/p><p> II. Fica sob a responsabilidade do Instituto Federal de Educa\u00e7\u00e3o, Ci\u00eancia e Tecnologia de Santa Catarina, o encaminhamento da frequ\u00eancia da citada servidora, at\u00e9 o 5\u00b0 (quinto) dia \u00fatil de cada m\u00eas, junto a esta Institui\u00e7\u00e3o.<\/p><p><\/p>\n\n\n<div style=\"height:15px\" aria-hidden=\"true\" class=\"wp-block-spacer\"><\/div>\n\n\n<div class=\"wp-block-buttons is-content-justification-right is-layout-flex wp-container-core-buttons-is-layout-1 wp-block-buttons-is-layout-flex\">\n<div class=\"wp-block-button has-custom-font-size is-style-outline has-small-font-size is-style-outline--1\"><a class=\"wp-block-button__link\" href=\"https:\/\/progepe.ufpr.br\/portarias\/wp-content\/uploads\/pcp\/RT\/2018\/663R.pdf\" style=\"border-radius:0px\" target=\"_blank\" rel=\"noreferrer noopener\">Acesse o arquivo da portaria<\/a><\/div><\/div>\n","protected":false},"excerpt":{"rendered":"<p>I. Autorizar a prorroga\u00e7\u00e3o da licen\u00e7a para prestar colabora\u00e7\u00e3o t\u00e9cnica junto ao Instituto Federal de Educa\u00e7\u00e3o, Ci\u00eancia e Tecnologia de Santa Catarina, com remunera\u00e7\u00e3o, por 01 (um) ano, a partir de 05 de fevereiro de 2019, para a servidora FABIANE MARQUES DA CRUZ CRIVELLARO &#8211; 1971450, ocupante do cargo de Assistente em Administra\u00e7\u00e3o, lotada na Coordena\u00e7\u00e3o de An\u00e1lise de Gest\u00e3o da Auditoria Interna do Gabinete do Reitor. II. Fica sob a responsabilidade do Instituto Federal de Educa\u00e7\u00e3o, Ci\u00eancia e Tecnologia de Santa Catarina, o encaminhamento da frequ\u00eancia da citada servidora, at\u00e9 o 5\u00b0 (quinto) dia \u00fatil de cada<\/p>\n","protected":false},"author":41,"featured_media":0,"comment_status":"closed","ping_status":"open","sticky":false,"template":"","format":"standard","meta":{"_acf_changed":false,"iawp_total_views":1,"footnotes":""},"categories":[117],"tags":[123],"class_list":["post-75156","post","type-post","status-publish","format-standard","hentry","category-rt","tag-afastamento-licenca"],"acf":[],"_links":{"self":[{"href":"https:\/\/progepe.ufpr.br\/portarias\/wp-json\/wp\/v2\/posts\/75156","targetHints":{"allow":["GET"]}}],"collection":[{"href":"https:\/\/progepe.ufpr.br\/portarias\/wp-json\/wp\/v2\/posts"}],"about":[{"href":"https:\/\/progepe.ufpr.br\/portarias\/wp-json\/wp\/v2\/types\/post"}],"author":[{"embeddable":true,"href":"https:\/\/progepe.ufpr.br\/portarias\/wp-json\/wp\/v2\/users\/41"}],"replies":[{"embeddable":true,"href":"https:\/\/progepe.ufpr.br\/portarias\/wp-json\/wp\/v2\/comments?post=75156"}],"version-history":[{"count":1,"href":"https:\/\/progepe.ufpr.br\/portarias\/wp-json\/wp\/v2\/posts\/75156\/revisions"}],"predecessor-version":[{"id":130367,"href":"https:\/\/progepe.ufpr.br\/portarias\/wp-json\/wp\/v2\/posts\/75156\/revisions\/130367"}],"wp:attachment":[{"href":"https:\/\/progepe.ufpr.br\/portarias\/wp-json\/wp\/v2\/media?parent=75156"}],"wp:term":[{"taxonomy":"category","embeddable":true,"href":"https:\/\/progepe.ufpr.br\/portarias\/wp-json\/wp\/v2\/categories?post=75156"},{"taxonomy":"post_tag","embeddable":true,"href":"https:\/\/progepe.ufpr.br\/portarias\/wp-json\/wp\/v2\/tags?post=75156"}],"curies":[{"name":"wp","href":"https:\/\/api.w.org\/{rel}","templated":true}]}}