{"id":75164,"date":"2018-07-19T05:01:00","date_gmt":"2018-07-19T08:01:00","guid":{"rendered":"http:\/\/progepe.ufpr.br\/portarias\/rt-2018-00420\/"},"modified":"2023-08-03T13:13:45","modified_gmt":"2023-08-03T16:13:45","slug":"rt-2018-00420","status":"publish","type":"post","link":"https:\/\/progepe.ufpr.br\/portarias\/rt-2018-00420\/","title":{"rendered":"PORTARIA N\u00ba 00420\/REITORIA, DE 19 DE JULHO DE 2018"},"content":{"rendered":"\n<p>A Vice-Reitora da Universidade Federal do Paran\u00e1, no exerc\u00edcio do cargo de Reitora, no uso de suas atribui\u00e7\u00f5es e tendo em vista o que consta no processo n\u00ba 23075.033948\/2018-19,<\/p>\n\n\n<p><strong>RESOLVE:<\/strong><\/p>\n\n\n<p>I. Tendo em vista o que consta no Art. 93 da Lei n\u00ba 8.112\/1990; Art. 7\u00ba da Lei n\u00ba 12.550\/2011; e, Inciso II do Art. 3\u00ba da Portaria n\u00ba 1.128\/MEC, de 15 de dezembro de 2015, autorizar, a partir da data de publica\u00e7\u00e3o em DOU, a cess\u00e3o da servidora SIBELI DE FATIMA FERRAZ SIM\u00c3O PROEN\u00c7A &#8211; 1896175, ocupante do cargo de Enfermeira &#8211; \u00c1rea, lotada no Servi\u00e7o de Enfermagem de Transplante de Medula \u00d3ssea do Hospital de Cl\u00ednicas, para a Empresa Brasileira de Servi\u00e7os Hospitalares (EBSERH) do Minist\u00e9rio da Educa\u00e7\u00e3o.<\/p><p> II. Manter a referida servidora em folha de pagamento da Institui\u00e7\u00e3o, por tratar-se de cess\u00e3o para \u00f3rg\u00e3o dos Poderes da Uni\u00e3o.<\/p><p> III. Fica sob a responsabilidade da EBSERH do Minist\u00e9rio da Educa\u00e7\u00e3o, o encaminhamento da frequ\u00eancia da servidora, at\u00e9 o 5\u00b0 (quinto) dia \u00fatil de cada m\u00eas junto a esta Institui\u00e7\u00e3o.<\/p><p><\/p>\n\n\n<div style=\"height:15px\" aria-hidden=\"true\" class=\"wp-block-spacer\"><\/div>\n\n\n<div class=\"wp-block-buttons is-content-justification-right is-layout-flex wp-container-core-buttons-is-layout-1 wp-block-buttons-is-layout-flex\">\n<div class=\"wp-block-button has-custom-font-size is-style-outline has-small-font-size is-style-outline--1\"><a class=\"wp-block-button__link\" href=\"https:\/\/progepe.ufpr.br\/portarias\/wp-content\/uploads\/pcp\/RT\/2018\/420R.pdf\" style=\"border-radius:0px\" target=\"_blank\" rel=\"noreferrer noopener\">Acesse o arquivo da portaria<\/a><\/div><\/div>\n","protected":false},"excerpt":{"rendered":"<p>I. Tendo em vista o que consta no Art. 93 da Lei n\u00ba 8.112\/1990; Art. 7\u00ba da Lei n\u00ba 12.550\/2011; e, Inciso II do Art. 3\u00ba da Portaria n\u00ba 1.128\/MEC, de 15 de dezembro de 2015, autorizar, a partir da data de publica\u00e7\u00e3o em DOU, a cess\u00e3o da servidora SIBELI DE FATIMA FERRAZ SIM\u00c3O PROEN\u00c7A &#8211; 1896175, ocupante do cargo de Enfermeira &#8211; \u00c1rea, lotada no Servi\u00e7o de Enfermagem de Transplante de Medula \u00d3ssea do Hospital de Cl\u00ednicas, para a Empresa Brasileira de Servi\u00e7os Hospitalares (EBSERH) do Minist\u00e9rio da Educa\u00e7\u00e3o. II. Manter a referida servidora em folha de<\/p>\n","protected":false},"author":41,"featured_media":0,"comment_status":"closed","ping_status":"open","sticky":false,"template":"","format":"standard","meta":{"_acf_changed":false,"iawp_total_views":0,"footnotes":""},"categories":[117],"tags":[127],"class_list":["post-75164","post","type-post","status-publish","format-standard","hentry","category-rt","tag-cessao"],"acf":[],"_links":{"self":[{"href":"https:\/\/progepe.ufpr.br\/portarias\/wp-json\/wp\/v2\/posts\/75164","targetHints":{"allow":["GET"]}}],"collection":[{"href":"https:\/\/progepe.ufpr.br\/portarias\/wp-json\/wp\/v2\/posts"}],"about":[{"href":"https:\/\/progepe.ufpr.br\/portarias\/wp-json\/wp\/v2\/types\/post"}],"author":[{"embeddable":true,"href":"https:\/\/progepe.ufpr.br\/portarias\/wp-json\/wp\/v2\/users\/41"}],"replies":[{"embeddable":true,"href":"https:\/\/progepe.ufpr.br\/portarias\/wp-json\/wp\/v2\/comments?post=75164"}],"version-history":[{"count":1,"href":"https:\/\/progepe.ufpr.br\/portarias\/wp-json\/wp\/v2\/posts\/75164\/revisions"}],"predecessor-version":[{"id":130375,"href":"https:\/\/progepe.ufpr.br\/portarias\/wp-json\/wp\/v2\/posts\/75164\/revisions\/130375"}],"wp:attachment":[{"href":"https:\/\/progepe.ufpr.br\/portarias\/wp-json\/wp\/v2\/media?parent=75164"}],"wp:term":[{"taxonomy":"category","embeddable":true,"href":"https:\/\/progepe.ufpr.br\/portarias\/wp-json\/wp\/v2\/categories?post=75164"},{"taxonomy":"post_tag","embeddable":true,"href":"https:\/\/progepe.ufpr.br\/portarias\/wp-json\/wp\/v2\/tags?post=75164"}],"curies":[{"name":"wp","href":"https:\/\/api.w.org\/{rel}","templated":true}]}}