{"id":75254,"date":"2018-10-05T05:04:00","date_gmt":"2018-10-05T08:04:00","guid":{"rendered":"http:\/\/progepe.ufpr.br\/portarias\/rt-2018-00564\/"},"modified":"2024-05-21T15:34:53","modified_gmt":"2024-05-21T18:34:53","slug":"rt-2018-00564","status":"publish","type":"post","link":"https:\/\/progepe.ufpr.br\/portarias\/rt-2018-00564\/","title":{"rendered":"PORTARIA N\u00ba 00564\/REITORIA, DE 05 DE OUTUBRO DE 2018"},"content":{"rendered":"\n<p style=\"padding-left:43%\">A Vice-Reitora da Universidade Federal do Paran\u00e1, no exerc\u00edcio do cargo de Reitora, no uso de suas atribui\u00e7\u00f5es e tendo em vista o que consta no processo n\u00ba 23075.052234\/2018-00,<\/p>\n\n\n\n<p style=\"padding-left:43%\"><strong>RESOLVE:<\/strong><\/p>\n\n\n\n<p>Exonerar, a pedido, a partir de 25 de setembro de 2018, a servidora ANDREA BERRIEL MERCADANTE STINGHEN &#8211; 2323934, da fun\u00e7\u00e3o gratificada de Chefe do Departamento de Arquitetura e Urbanismo, FG-01, do Setor de Tecnologia.<\/p>\n","protected":false},"excerpt":{"rendered":"<p>Exonerar, a pedido, a partir de 25 de setembro de 2018, a servidora ANDREA BERRIEL MERCADANTE STINGHEN &#8211; 2323934, da fun\u00e7\u00e3o gratificada de Chefe do Departamento de Arquitetura e Urbanismo, FG-01, do Setor de Tecnologia.<\/p>\n","protected":false},"author":41,"featured_media":0,"comment_status":"closed","ping_status":"open","sticky":false,"template":"","format":"standard","meta":{"_acf_changed":false,"iawp_total_views":2,"footnotes":""},"categories":[117],"tags":[244],"class_list":["post-75254","post","type-post","status-publish","format-standard","hentry","category-rt","tag-chefe-suplente"],"acf":[],"_links":{"self":[{"href":"https:\/\/progepe.ufpr.br\/portarias\/wp-json\/wp\/v2\/posts\/75254","targetHints":{"allow":["GET"]}}],"collection":[{"href":"https:\/\/progepe.ufpr.br\/portarias\/wp-json\/wp\/v2\/posts"}],"about":[{"href":"https:\/\/progepe.ufpr.br\/portarias\/wp-json\/wp\/v2\/types\/post"}],"author":[{"embeddable":true,"href":"https:\/\/progepe.ufpr.br\/portarias\/wp-json\/wp\/v2\/users\/41"}],"replies":[{"embeddable":true,"href":"https:\/\/progepe.ufpr.br\/portarias\/wp-json\/wp\/v2\/comments?post=75254"}],"version-history":[{"count":2,"href":"https:\/\/progepe.ufpr.br\/portarias\/wp-json\/wp\/v2\/posts\/75254\/revisions"}],"predecessor-version":[{"id":255846,"href":"https:\/\/progepe.ufpr.br\/portarias\/wp-json\/wp\/v2\/posts\/75254\/revisions\/255846"}],"wp:attachment":[{"href":"https:\/\/progepe.ufpr.br\/portarias\/wp-json\/wp\/v2\/media?parent=75254"}],"wp:term":[{"taxonomy":"category","embeddable":true,"href":"https:\/\/progepe.ufpr.br\/portarias\/wp-json\/wp\/v2\/categories?post=75254"},{"taxonomy":"post_tag","embeddable":true,"href":"https:\/\/progepe.ufpr.br\/portarias\/wp-json\/wp\/v2\/tags?post=75254"}],"curies":[{"name":"wp","href":"https:\/\/api.w.org\/{rel}","templated":true}]}}