{"id":75256,"date":"2018-10-05T05:06:00","date_gmt":"2018-10-05T08:06:00","guid":{"rendered":"http:\/\/progepe.ufpr.br\/portarias\/rt-2018-00566\/"},"modified":"2023-08-03T13:13:59","modified_gmt":"2023-08-03T16:13:59","slug":"rt-2018-00566","status":"publish","type":"post","link":"https:\/\/progepe.ufpr.br\/portarias\/rt-2018-00566\/","title":{"rendered":"PORTARIA N\u00ba 00566\/REITORIA, DE 05 DE OUTUBRO DE 2018"},"content":{"rendered":"\n<p>A Vice-Reitora da Universidade Federal do Paran\u00e1, no exerc\u00edcio do cargo de Reitora, no uso de suas atribui\u00e7\u00f5es, tendo em vista o que consta no artigo 39 do Estatuto desta Universidade e o contido no processo n\u00ba 23075.052234\/2018-00,<\/p>\n\n\n<p><strong>RESOLVE:<\/strong><\/p>\n\n\n<p>I. Designar, a partir da data de publica\u00e7\u00e3o em DOU desta Portaria at\u00e9 a nomea\u00e7\u00e3o dos novos eleitos, a servidora CRISTINA DE ARAUJO LIMA &#8211; 1045577, ocupante do cargo de professora, no regime de trabalho de dedica\u00e7\u00e3o exclusiva, para exercer, na qualidade de Decana, de acordo com o Art. 3\u00ba, \u00a7 \u00danico, da Resolu\u00e7\u00e3o n\u00ba 04\/95 &#8211; COUN, a  fun\u00e7\u00e3o gratificada de Chefe do Departamento de Arquitetura e Urbanismo, FG-01, do Setor de Tecnologia.<\/p><p> II. A mencionada docente cumprir\u00e1, obrigatoriamente, o regime de trabalho de tempo integral, de acordo com o disposto no \u00a7 5\u00ba, artigo 1\u00ba da Lei n\u00ba 8.168\/91.<\/p><p> III. Convalidar, no per\u00edodo de 25 de setembro de 2018 at\u00e9 a data anterior a de publica\u00e7\u00e3o em DOU desta Portaria, o exerc\u00edcio da fun\u00e7\u00e3o de Chefe do Departamento de Arquitetura e Urbanismo do Setor de Tecnologia, sem efeitos financeiros, pela citada servidora, por ter exercido o cargo no per\u00edodo informado.<\/p><p><\/p>\n\n\n<div style=\"height:15px\" aria-hidden=\"true\" class=\"wp-block-spacer\"><\/div>\n\n\n<div class=\"wp-block-buttons is-content-justification-right is-layout-flex wp-container-core-buttons-is-layout-1 wp-block-buttons-is-layout-flex\">\n<div class=\"wp-block-button has-custom-font-size is-style-outline has-small-font-size is-style-outline--1\"><a class=\"wp-block-button__link\" href=\"https:\/\/progepe.ufpr.br\/portarias\/wp-content\/uploads\/pcp\/RT\/2018\/566R.pdf\" style=\"border-radius:0px\" target=\"_blank\" rel=\"noreferrer noopener\">Acesse o arquivo da portaria<\/a><\/div><\/div>\n","protected":false},"excerpt":{"rendered":"<p>I. Designar, a partir da data de publica\u00e7\u00e3o em DOU desta Portaria at\u00e9 a nomea\u00e7\u00e3o dos novos eleitos, a servidora CRISTINA DE ARAUJO LIMA &#8211; 1045577, ocupante do cargo de professora, no regime de trabalho de dedica\u00e7\u00e3o exclusiva, para exercer, na qualidade de Decana, de acordo com o Art. 3\u00ba, \u00a7 \u00danico, da Resolu\u00e7\u00e3o n\u00ba 04\/95 &#8211; COUN, a fun\u00e7\u00e3o gratificada de Chefe do Departamento de Arquitetura e Urbanismo, FG-01, do Setor de Tecnologia. II. A mencionada docente cumprir\u00e1, obrigatoriamente, o regime de trabalho de tempo integral, de acordo com o disposto no \u00a7 5\u00ba, artigo 1\u00ba da<\/p>\n","protected":false},"author":41,"featured_media":0,"comment_status":"closed","ping_status":"open","sticky":false,"template":"","format":"standard","meta":{"_acf_changed":false,"iawp_total_views":0,"footnotes":""},"categories":[117],"tags":[244],"class_list":["post-75256","post","type-post","status-publish","format-standard","hentry","category-rt","tag-chefe-suplente"],"acf":[],"_links":{"self":[{"href":"https:\/\/progepe.ufpr.br\/portarias\/wp-json\/wp\/v2\/posts\/75256","targetHints":{"allow":["GET"]}}],"collection":[{"href":"https:\/\/progepe.ufpr.br\/portarias\/wp-json\/wp\/v2\/posts"}],"about":[{"href":"https:\/\/progepe.ufpr.br\/portarias\/wp-json\/wp\/v2\/types\/post"}],"author":[{"embeddable":true,"href":"https:\/\/progepe.ufpr.br\/portarias\/wp-json\/wp\/v2\/users\/41"}],"replies":[{"embeddable":true,"href":"https:\/\/progepe.ufpr.br\/portarias\/wp-json\/wp\/v2\/comments?post=75256"}],"version-history":[{"count":1,"href":"https:\/\/progepe.ufpr.br\/portarias\/wp-json\/wp\/v2\/posts\/75256\/revisions"}],"predecessor-version":[{"id":130463,"href":"https:\/\/progepe.ufpr.br\/portarias\/wp-json\/wp\/v2\/posts\/75256\/revisions\/130463"}],"wp:attachment":[{"href":"https:\/\/progepe.ufpr.br\/portarias\/wp-json\/wp\/v2\/media?parent=75256"}],"wp:term":[{"taxonomy":"category","embeddable":true,"href":"https:\/\/progepe.ufpr.br\/portarias\/wp-json\/wp\/v2\/categories?post=75256"},{"taxonomy":"post_tag","embeddable":true,"href":"https:\/\/progepe.ufpr.br\/portarias\/wp-json\/wp\/v2\/tags?post=75256"}],"curies":[{"name":"wp","href":"https:\/\/api.w.org\/{rel}","templated":true}]}}