{"id":75319,"date":"2018-05-14T05:01:00","date_gmt":"2018-05-14T08:01:00","guid":{"rendered":"http:\/\/progepe.ufpr.br\/portarias\/rt-2018-00278\/"},"modified":"2023-08-03T13:13:30","modified_gmt":"2023-08-03T16:13:30","slug":"rt-2018-00278","status":"publish","type":"post","link":"https:\/\/progepe.ufpr.br\/portarias\/rt-2018-00278\/","title":{"rendered":"PORTARIA N\u00ba 00278\/REITORIA, DE 14 DE MAIO DE 2018"},"content":{"rendered":"\n<p>O Reitor da Universidade Federal do Paran\u00e1, no uso de suas atribui\u00e7\u00f5es e em conformidade com o que disp\u00f5e o item 13.2 da Resolu\u00e7\u00e3o n\u00ba 28\/2013-COPLAD; e, tendo em vista o que consta no processo n\u00ba 23075.024645\/2018-05,<\/p>\n\n\n<p><strong>RESOLVE:<\/strong><\/p>\n\n\n<p>I . Designar os servidores abaixo relacionados para comporem as subcomiss\u00f5es de patrim\u00f4nio do Gabinete do Reitor e Unidades vinculadas, destinadas a promover a gest\u00e3o de patrim\u00f4nio, contemplando a execu\u00e7\u00e3o anual do invent\u00e1rio de bens patrimoniais no \u00e2mbito desta Reitoria: GABINETE DO REITOR: Presidente: VILSON MAERCIO KAISER &#8211; Ramal 5027 204666       vilsonkaiser@ufpr.br Vice- RENATO CARLOS GON\u00c7ALVES &#8211; Presidente: 204254           Ramal 5027 renato.goncalves@ufpr.br AUDITORIA INTERNA: Presidente: MARCOS ROBERTO DOS SANTOS Ramal 5344 &#8211; 202465            marcos.santos@ufpr.br Vice- Presidente: JOYCE KIMIE KUROSAWA &#8211; 205979 Ramal 5344 kurosawajoyce@ufpr.br ASSESSORIA DE COMUNICA\u00c7\u00c3O SOCIAL: Presidente:  JO\u00c3O MATIAS MEDEIROS &#8211; Ramal 2002 128325                           marcos.santos@ufpr.br MEMBROS: KLARISSA VALERO RIBEIRO SAES &#8211; 203202          Ramal 5230   internacional@ufpr.br RAFAEL PERNICA MARTINS &#8211; 201587 Ramal 5060 academico@ufpr.br KAMILA ZANOTTO &#8211; 205340 Ramal 5465 kamila.zanotto@ufpr.br Ramal Portaria 278\/REITORIA (0958696)         SEI 23075.024645\/2018-05 \/ pg. 1 MARCOS SOLIVAN CAMARGO &#8211; 122343 Ramal 5159 marcos.solivan@ufpr.br ROBERTO WAGNER ROCHA JUNIOR &#8211; 203913 Ramal 5008 robertolagarto@ufpr.br AUREA JUNGLOS &#8211; 125806 Ramal 5048 aureaj@ufpr.br ELTON BARBOSA SILVEIRA &#8211; 205946 Ramal 5024 eltonbarbosasilveira@ufpr.br ZILDA NERES DE SOUZA &#8211; 203790 Ramal 5410 zildaneres@gmail.com CINTIA DO ROCIO BASSO &#8211; 205377 Ramal 5410 cintiabasso@ufpr.br WILLIAM MOREIRA &#8211; 202005 Ramal 1859 William.moreira@ufpr.br II. Os termos de transfer\u00eancias e invent\u00e1rios dever\u00e3o ser assinados pelo diretor da unidade, agente respons\u00e1vel pela opera\u00e7\u00e3o patrimonial e agente respons\u00e1vel pelos bens.<\/p><p><\/p>\n\n\n<div style=\"height:15px\" aria-hidden=\"true\" class=\"wp-block-spacer\"><\/div>\n\n\n<div class=\"wp-block-buttons is-content-justification-right is-layout-flex wp-container-core-buttons-is-layout-1 wp-block-buttons-is-layout-flex\">\n<div class=\"wp-block-button has-custom-font-size is-style-outline has-small-font-size is-style-outline--1\"><a class=\"wp-block-button__link\" href=\"https:\/\/progepe.ufpr.br\/portarias\/wp-content\/uploads\/pcp\/RT\/2018\/278R.pdf\" style=\"border-radius:0px\" target=\"_blank\" rel=\"noreferrer noopener\">Acesse o arquivo da portaria<\/a><\/div><\/div>\n","protected":false},"excerpt":{"rendered":"<p>I . Designar os servidores abaixo relacionados para comporem as subcomiss\u00f5es de patrim\u00f4nio do Gabinete do Reitor e Unidades vinculadas, destinadas a promover a gest\u00e3o de patrim\u00f4nio, contemplando a execu\u00e7\u00e3o anual do invent\u00e1rio de bens patrimoniais no \u00e2mbito desta Reitoria: GABINETE DO REITOR: Presidente: VILSON MAERCIO KAISER &#8211; Ramal 5027 204666    vilsonkaiser@ufpr.br Vice- RENATO CARLOS GON\u00c7ALVES &#8211; Presidente: 204254      Ramal 5027 renato.goncalves@ufpr.br AUDITORIA INTERNA: Presidente: MARCOS ROBERTO DOS SANTOS Ramal 5344 &#8211; 202465      marcos.santos@ufpr.br Vice- Presidente: JOYCE KIMIE KUROSAWA &#8211; 205979 Ramal 5344 kurosawajoyce@ufpr.br ASSESSORIA<\/p>\n","protected":false},"author":41,"featured_media":0,"comment_status":"closed","ping_status":"open","sticky":false,"template":"","format":"standard","meta":{"_acf_changed":false,"iawp_total_views":1,"footnotes":""},"categories":[117],"tags":[124],"class_list":["post-75319","post","type-post","status-publish","format-standard","hentry","category-rt","tag-comissao"],"acf":[],"_links":{"self":[{"href":"https:\/\/progepe.ufpr.br\/portarias\/wp-json\/wp\/v2\/posts\/75319","targetHints":{"allow":["GET"]}}],"collection":[{"href":"https:\/\/progepe.ufpr.br\/portarias\/wp-json\/wp\/v2\/posts"}],"about":[{"href":"https:\/\/progepe.ufpr.br\/portarias\/wp-json\/wp\/v2\/types\/post"}],"author":[{"embeddable":true,"href":"https:\/\/progepe.ufpr.br\/portarias\/wp-json\/wp\/v2\/users\/41"}],"replies":[{"embeddable":true,"href":"https:\/\/progepe.ufpr.br\/portarias\/wp-json\/wp\/v2\/comments?post=75319"}],"version-history":[{"count":1,"href":"https:\/\/progepe.ufpr.br\/portarias\/wp-json\/wp\/v2\/posts\/75319\/revisions"}],"predecessor-version":[{"id":130524,"href":"https:\/\/progepe.ufpr.br\/portarias\/wp-json\/wp\/v2\/posts\/75319\/revisions\/130524"}],"wp:attachment":[{"href":"https:\/\/progepe.ufpr.br\/portarias\/wp-json\/wp\/v2\/media?parent=75319"}],"wp:term":[{"taxonomy":"category","embeddable":true,"href":"https:\/\/progepe.ufpr.br\/portarias\/wp-json\/wp\/v2\/categories?post=75319"},{"taxonomy":"post_tag","embeddable":true,"href":"https:\/\/progepe.ufpr.br\/portarias\/wp-json\/wp\/v2\/tags?post=75319"}],"curies":[{"name":"wp","href":"https:\/\/api.w.org\/{rel}","templated":true}]}}