{"id":75323,"date":"2018-01-16T05:00:00","date_gmt":"2018-01-16T07:00:00","guid":{"rendered":"http:\/\/progepe.ufpr.br\/portarias\/rt-2018-00030\/"},"modified":"2023-12-05T17:27:03","modified_gmt":"2023-12-05T20:27:03","slug":"rt-2018-00030","status":"publish","type":"post","link":"https:\/\/progepe.ufpr.br\/portarias\/rt-2018-00030\/","title":{"rendered":"PORTARIA N\u00ba 00030\/REITORIA, DE 16 DE JANEIRO DE 2018"},"content":{"rendered":"\n<p style=\"padding-left:43%\">O Reitor da Universidade Federal do Paran\u00e1, no uso de suas atribui\u00e7\u00f5es, tendo em vista o disposto no item 10.31 do Edital n\u00ba 42\/2017-NC\/PROGRAD e o que consta no processo n\u00ba 23075.001911\/2018-13,<\/p>\n\n\n\n<p style=\"padding-left:43%\"><strong>RESOLVE:<\/strong><\/p>\n\n\n\n<p>Designar para compor a comiss\u00e3o de an\u00e1lise do registro acad\u00eamico na UFPR dos documentos dos candidatos que optaram pelas vagas reservadas pela Lei n\u00ba 12.711\/2012 e pelo Decreto n\u00ba 9.034\/2017; dos demais candidatos classificados no Processo Seletivo UFPR 2017\/2018; e, no Sistema de Sele\u00e7\u00e3o Unificada 2018 (Sisu 2018), os seguintes membros:<\/p>\n\n\n\n<p class=\"has-small-font-size\" style=\"padding-left:var(--wp--preset--spacing--30)\"><strong>Presidente:<\/strong> EDUARDO SALLES DE OLIVEIRA BARRA &#8211; 1354144<br><strong>Vice-Presidente:<\/strong> JULIO GOMES &#8211; 1720823<\/p>\n\n\n\n<p class=\"has-small-font-size\" style=\"padding-left:var(--wp--preset--spacing--30)\"><strong>Presidente da Comiss\u00e3o Local em Curitiba:<\/strong> LAIRDES FIGUEREDO CHEKE &#8211; 1489317<br><strong>Vice-Presidente da Comiss\u00e3o Local em Curitiba:<\/strong> CID DO ESPIRITO SANTO QUINTINO &#8211; 342640<\/p>\n\n\n\n<p class=\"has-small-font-size\" style=\"padding-left:var(--wp--preset--spacing--30)\"><strong>Presidente da Comiss\u00e3o Local em Jandaia do Sul:<\/strong> DAIANE TIEME KAWAHARA PAIVA &#8211; 1051433<br><strong>Vice-Presidente da Comiss\u00e3o Local em Jandaia do Sul:<\/strong> MARCIA INES SCHABARUM MIKUSKA &#8211; 1945370<\/p>\n\n\n\n<p class=\"has-small-font-size\" style=\"padding-left:var(--wp--preset--spacing--30)\"><strong>Presidente da Comiss\u00e3o Local no Litoral:<\/strong> JACQUELINE COELHO MARTINS &#8211; 1831692<br><strong>Vice-Presidente da Comiss\u00e3o Local no Litoral:<\/strong> ETIENNE CESAR ROSA VACCARELLI &#8211; 204233<\/p>\n\n\n\n<p class=\"has-small-font-size\" style=\"padding-left:var(--wp--preset--spacing--30)\"><strong>Presidente da Comiss\u00e3o Local em Palotina:<\/strong> ELIAS NAOR SCHLOSSER &#8211; 1751463<br><strong>Vice-Presidente da Comiss\u00e3o Local em Palotina:<\/strong> ISAAC CIRQUEIRA LOPES &#8211; 2139893<\/p>\n\n\n\n<p class=\"has-small-font-size\" style=\"padding-left:var(--wp--preset--spacing--30)\"><strong>Presidente da Comiss\u00e3o Local em Toledo:<\/strong> CLAUDIA ALBERTINA KERBER &#8211; 1908622<br><strong>Vice-Presidente da Comiss\u00e3o Local em Toledo:<\/strong> THIAGO RAFAEL MAZZAROLLO &#8211; 2344359<\/p>\n\n\n\n<div style=\"height:0.5em\" aria-hidden=\"true\" class=\"wp-block-spacer\"><\/div>\n\n\n\n<p class=\"has-small-font-size\" style=\"padding-left:var(--wp--preset--spacing--30)\"><strong>Membros do grupo de an\u00e1lise de documenta\u00e7\u00e3o de registro acad\u00eamico:<\/strong><\/p>\n\n\n\n<p class=\"has-small-font-size\" style=\"padding-left:var(--wp--preset--spacing--40)\">ADRIANA CRISTINA WASUASKI RIECHTER &#8211; 1169932<br>ADRIANE PORTELLO VIEIRA &#8211; 2207011<br>BRUNA COUTRIM DE OLIVEIRA &#8211; 1828145<br>CRISTIANE APARECIDA PEREGO &#8211; 2349705<br>GINA MARCELA MARCASSI RODRIGUES &#8211; 123781<br>ISAQUE MORAES DOS SANTOS &#8211; 1226676<br>KLEYTON LUCAS DE SOUZA &#8211; 2220346<br>LAURO ANTONIO BUSO &#8211; 341564<br>LAYSLA FERNANDA SILVA VIVEIROS &#8211; 1958173<br>LEONILDA IANCKIEVICZ PACHECO ANDRADE &#8211; 342176<br>LUCIANA DUCCI &#8211; 342641<br>LUCIANO ANDRE VANZ &#8211; 2577510<br>MARCIA REGINA NOGOCHALE BONETI &#8211; 1520679<br>MARCO ANTONIO WEBER JORGE &#8211; 1664635<br>MICHELE CRISTINE KUHNEN DE SOUZA &#8211; 1653117<br>MOACIR RIBEIRO WATZKO &#8211; 1199556<br>PAULO STANLEY JUNIOR &#8211; 2414584<br>SIMONE APARECIDA VERCHAI &#8211; 343763<br>SIRLENE DAS NEVES &#8211; 341813<br>SUZANE RAQUEL GUERRA SANTOS &#8211; 2082258<br>VIVIANE VIDAL PEREIRA DOS SANTOS &#8211; 2932699<br>WENDER RIBEIRO &#8211; 2365601<br>ANDRIARA LYZIANE TOSSANI &#8211; 2247891<br>MONICA BATOQUI FRAN\u00c7A &#8211; 2242637<br>CAIO CESAR PRADO GOMES &#8211; 1107552<br>DEBORA KAULE &#8211; 1537758<br>ELOISA HELENA DE CARVALHO BORGES &#8211; 2148812<br>GUILHERME LOPES LATINI &#8211; 2269431<br>GUSTAVO WOYTOWICZ FERRARI &#8211; 2414561<br>JESSICA MAYUMI KIYOKU &#8211; 2238297<br>JOELMA PEREIRA &#8211; 2245816<br>JULIANA APARECIDA DA SILVA LE\u00c3O &#8211; 1829714<br>MARCOS JOEL VACCARELLI &#8211; 1920644<br>RINGO BEZ DE JESUS &#8211; 1656059<br>ROZALDO DE MELLO LEIT\u00c3O SALMON &#8211; 2141844<br>THIAGO BATICH DOS SANTOS &#8211; 2390674<br>THIAGO GUSSO &#8211; 1868187<br>BRUNA GIMENES FERREIRA ARROYO POGGERE &#8211; 1829712<br>DANIEL HUTNER &#8211; 2997907<br>DIEGO TEIXEIRA DA CRUZ &#8211; 2153467<br>EDVALDO DA SILVA AMARAL &#8211; 1972258<br>ELISANGELA LUPATINI PIOVESAN &#8211; 1498574<br>IVANI DE SOUZA BRITO AMARAL<br>MARILENA BONA SILVA<br>MARGARIDA MARIA DA SILVA &#8211; 343733<br>PATRICIA KRIESER<br>RENATA CRISTINA DA COSTA GOTARDO &#8211; 1749662<br>RICARDO MODANHESE &#8211; 1751969<br>SABRINA BRUNE &#8211; 1755134<br>VANESSA GLEICA CANTU GRIS &#8211; 2050095<br>BRUNO SCOPEL &#8211; 2376589<br>ISAAC CIRQUEIRA LOPES &#8211; 2139893<br>JAQUELINE BUDNY &#8211; 1850618<\/p>\n\n\n\n<div style=\"height:0.5em\" aria-hidden=\"true\" class=\"wp-block-spacer\"><\/div>\n\n\n\n<p class=\"has-small-font-size\" style=\"padding-left:var(--wp--preset--spacing--30)\"><strong>Membros do grupo de an\u00e1lise de comprova\u00e7\u00e3o de renda:<\/strong><\/p>\n\n\n\n<p class=\"has-small-font-size\" style=\"padding-left:var(--wp--preset--spacing--40)\">AMANDA REGINA DE OLIVEIRA MAZUROK &#8211; 2122451<br>ARIANNE CARVALHO &#8211; 1227750<br>CRISTIANO RODRIGUES AMORIM &#8211; 1652671<br>ELIANE CRISTINA DEPETRIS ZIMMERMANN &#8211; 1655044<br>FELIPE FIGUEREDO FRAN\u00c7A MERLO &#8211; 2407547<br>GIOVANNI ALLAM TABORDA &#8211; 2909475<br>LAURA SOFIA NARVAEZ SOMOZA &#8211; 2178563<br>LORENA KRUGER &#8211; 1216115<br>ROGERIA BERNARDO DE OLIVEIRA &#8211; 1912296<br>ROSANGELA GEHRKE SEGER &#8211; 1170332<br>ROSILANE DE OLIVEIRA CASTRO DE SOUZA &#8211; 1962267<br>SANDRA MARIA CABRAL SOUZA DA SILVA &#8211; 1751477<br>SANDRO ROBERTO MARQUES &#8211; 2069502<br>VINICIUS MURILO LIMA DA SILVA &#8211; 2152578<br>ANDRIARA LYZIANE TOSSANI &#8211; 2247891<br>MONICA BATOQUI FRAN\u00c7A &#8211; 2242637<br>CAIO CESAR PRADO GOMES &#8211; 1107552<br>DEBORA KAULE &#8211; 1537758<br>ELOISA HELENA DE CARVALHO BORGES &#8211; 2148812<br>GUILHERME LOPES LATINI &#8211; 2269431<br>GUSTAVO WOYTOWICZ FERRARI &#8211; 2414561<br>JESSICA MAYUMI KIYOKU &#8211; 2238297<br>JOELMA PEREIRA &#8211; 2245816<br>JULIANA APARECIDA DA SILVA LE\u00c3O &#8211; 1829714<br>MARCOS JOEL VACCARELLI &#8211; 1920644<br>RINGO BEZ DE JESUS &#8211; 1656059<br>ROZALDO DE MELLO LEIT\u00c3O SALMON &#8211; 2141844<br>THIAGO BATICH DOS SANTOS &#8211; 2390674<br>THIAGO GUSSO &#8211; 1868187<br>BRUNA GIMENES FERREIRA ARROYO POGGERE &#8211; 1829712<br>DANIEL HUTNER &#8211; 2997907<br>DIEGO TEIXEIRA DA CRUZ &#8211; 2153467<br>EDVALDO DA SILVA AMARAL &#8211; 1972258<br>ELISANGELA LUPATINI PIOVESAN &#8211; 1498574<br>IVANI DE SOUZA BRITO AMARAL<br>MARILENA BONA SILVA<br>MARGARIDA MARIA DA SILVA &#8211; 343733<br>PATRICIA KRIESER<br>RENATA CRISTINA DA COSTA GOTARDO &#8211; 1749662<br>RICARDO MODANHESE &#8211; 1751969<br>SABRINA BRUNE &#8211; 1755134<br>VANESSA GLEICA CANTU GRIS &#8211; 2050095<br>BRUNO SCOPEL &#8211; 2376589<br>ISAAC CIRQUEIRA LOPES &#8211; 2139893<br>JAQUELINE BUDNY &#8211; 1850618<\/p>\n","protected":false},"excerpt":{"rendered":"<p>Designar para compor a comiss\u00e3o de an\u00e1lise do registro acad\u00eamico na UFPR dos documentos dos candidatos que optaram pelas vagas reservadas pela Lei n\u00ba 12.711\/2012 e pelo Decreto n\u00ba 9.034\/2017; dos demais candidatos classificados no Processo Seletivo UFPR 2017\/2018; e, no Sistema de Sele\u00e7\u00e3o Unificada 2018 (Sisu 2018), os seguintes membros:  <!-- wp:paragraph {\"style\":{\"spacing\":{\"padding\":{\"left\":\"var:preset|spacing|30\"}}},\"fontSize\":\"small\"} \n\n<p class=\"has-small-font-size\" style=\"padding-left:var(--wp--preset--spacing--30)\"><strong>Presidente:<\/strong> EDUARDO SALLES DE OLIVEIRA BARRA - 1354144<br \/><strong>Vice-Presidente:<\/strong> JULIO GOMES - 1720823  <!-- wp:paragraph {\"style\":{\"spacing\":{\"padding\":{\"left\":\"var:preset|spacing|30\"}}},\"fontSize\":\"small\"} \n\n<p class=\"has-small-font-size\" style=\"padding-left:var(--wp--preset--spacing--30)\"><strong>Presidente da Comiss\u00e3o Local em Curitiba:<\/strong> LAIRDES FIGUEREDO CHEKE - 1489317<br \/><strong>Vice-Presidente da Comiss\u00e3o Local em Curitiba:<\n<\/p>\n","protected":false},"author":41,"featured_media":0,"comment_status":"closed","ping_status":"open","sticky":false,"template":"","format":"standard","meta":{"_acf_changed":false,"iawp_total_views":21,"footnotes":""},"categories":[117],"tags":[124],"class_list":["post-75323","post","type-post","status-publish","format-standard","hentry","category-rt","tag-comissao"],"acf":[],"_links":{"self":[{"href":"https:\/\/progepe.ufpr.br\/portarias\/wp-json\/wp\/v2\/posts\/75323","targetHints":{"allow":["GET"]}}],"collection":[{"href":"https:\/\/progepe.ufpr.br\/portarias\/wp-json\/wp\/v2\/posts"}],"about":[{"href":"https:\/\/progepe.ufpr.br\/portarias\/wp-json\/wp\/v2\/types\/post"}],"author":[{"embeddable":true,"href":"https:\/\/progepe.ufpr.br\/portarias\/wp-json\/wp\/v2\/users\/41"}],"replies":[{"embeddable":true,"href":"https:\/\/progepe.ufpr.br\/portarias\/wp-json\/wp\/v2\/comments?post=75323"}],"version-history":[{"count":3,"href":"https:\/\/progepe.ufpr.br\/portarias\/wp-json\/wp\/v2\/posts\/75323\/revisions"}],"predecessor-version":[{"id":253593,"href":"https:\/\/progepe.ufpr.br\/portarias\/wp-json\/wp\/v2\/posts\/75323\/revisions\/253593"}],"wp:attachment":[{"href":"https:\/\/progepe.ufpr.br\/portarias\/wp-json\/wp\/v2\/media?parent=75323"}],"wp:term":[{"taxonomy":"category","embeddable":true,"href":"https:\/\/progepe.ufpr.br\/portarias\/wp-json\/wp\/v2\/categories?post=75323"},{"taxonomy":"post_tag","embeddable":true,"href":"https:\/\/progepe.ufpr.br\/portarias\/wp-json\/wp\/v2\/tags?post=75323"}],"curies":[{"name":"wp","href":"https:\/\/api.w.org\/{rel}","templated":true}]}}