{"id":75329,"date":"2018-06-13T05:01:00","date_gmt":"2018-06-13T08:01:00","guid":{"rendered":"http:\/\/progepe.ufpr.br\/portarias\/rt-2018-00351\/"},"modified":"2023-08-03T13:13:38","modified_gmt":"2023-08-03T16:13:38","slug":"rt-2018-00351","status":"publish","type":"post","link":"https:\/\/progepe.ufpr.br\/portarias\/rt-2018-00351\/","title":{"rendered":"PORTARIA N\u00ba 00351\/REITORIA, DE 13 DE JUNHO DE 2018"},"content":{"rendered":"\n<p>O Reitor da Universidade Federal do Paran\u00e1, no uso de suas atribui\u00e7\u00f5es e em conformidade com o que disp\u00f5e o item 13.2 da Resolu\u00e7\u00e3o n\u00ba 28\/2013-COPLAD, alterada pela Resolu\u00e7\u00e3o n\u00ba 23\/2016-COPLAD; e, tendo em vista o que consta no processo n\u00ba 23075.031461\/2018-93,<\/p>\n\n\n<p><strong>RESOLVE:<\/strong><\/p>\n\n\n<p>I. Cessar os efeitos da Portaria n\u00ba 278\/REITORIA, de 14 de maio de 2018.<\/p><p> II. Designar os servidores abaixo relacionados para comporem a subcomiss\u00e3o de patrim\u00f4nio do Gabinete do Reitor e Unidades vinculadas, destinada a promover a gest\u00e3o de patrim\u00f4nio, contemplando a execu\u00e7\u00e3o anual do invent\u00e1rio de bens patrimoniais no \u00e2mbito desta Reitoria.<\/p><p> PRESIDENTE: Nome Ramal Login Intranet E-mail Pessoal\/Funcional VILSON MAERCIO KAISER &#8211; 5027 vilsonkaiser@ufpr.br vilsonkaiser@ufpr.br 205442 VICE-PRESIDENTE: Nome Ramal Login Intranet E-mail Pessoal\/Funcional RENATO CARLOS GON\u00c7ALVES &#8211; 5027 renato.goncalves@ufpr.br      renato.goncalves@ufpr.br 204254 MEMBROS: Nome Ramal Login Intranet E-mail Portaria 351\/REITORIA (1024305)         SEI 23075.031461\/2018-93 \/ pg. 1 Nome Ramal Login Intranet Pessoal\/Funcional MARCOS ROBERTO DOS SANTOS &#8211; 5344 marcos.santos@ufpr.br marcos.santos@ufpr.b 202465 JOYCE KIMIE KUROSAWA &#8211; 5344 kurosawajoyce@ufpr.br kurosawajoyce@ufpr.b 205979 JO\u00c3O MATIAS MEDEIROS &#8211; 2002 hermanomatias@ufpr.br hermanomatias@ufpr.b 128325 KLARISSA VALERO RIBEIRO SAES &#8211; 5465 klarissavalero@ufpr.br internacional@ufpr.b 203202 RAFAEL PERNICA MARTINS &#8211; 5465 rpm@ufpr.br academico@ufpr.b 201587 KAMILA ZANOTTO &#8211; 5465 kamila.zanotto@ufpr.br kamila.zanotto@ufpr.b 205340 MARCOS SOLIVAN CAMARGO &#8211; 5159 marcos.solivan@ufpr.br marcos.solivan@ufpr.br 122343 ROBERTO WAGNER ROCHA JUNIOR -5008 robertolagarto@ufpr.br robertolagarto@ufpr.b 203913 AUREA JUNGLOS &#8211; 5048 aureaj@ufpr.br aureaj@ufpr.b 125806 ELTON BARBOSA SILVEIRA &#8211; 5023 eltonbarbosasilveira@ufpr.br      eltonbarbosasilveira@ufpr.br 205946 ZILDA NERES DE SOUZA &#8211; 5010 zildaneres@ufpr.br zildaneres@gmail.com 203790 CINTIA DO ROCIO BASSO &#8211; 5010 cintiabasso@ufpr.br cinbasso@gmail.com 205377 WILLIAM MOREIRA &#8211; 2734 william.moreira@ufpr.br william.moreira@ufpr.br 202005 LUIS ANTONIO DE SOUSA 5107 lantssan@ufpr.br cppd@ufpr.br SANTOS &#8211; 61204 III. Os termos de transfer\u00eancias e invent\u00e1rios dever\u00e3o ser assinados pelo Diretor da unidade, agente respons\u00e1vel pela opera\u00e7\u00e3o patrimonial e agente respons\u00e1vel pelo Portaria 351\/REITORIA (1024305)         SEI 23075.031461\/2018-93 \/ pg. 2 bem ou bens.<\/p><p><\/p>\n\n\n<div style=\"height:15px\" aria-hidden=\"true\" class=\"wp-block-spacer\"><\/div>\n\n\n<div class=\"wp-block-buttons is-content-justification-right is-layout-flex wp-container-core-buttons-is-layout-1 wp-block-buttons-is-layout-flex\">\n<div class=\"wp-block-button has-custom-font-size is-style-outline has-small-font-size is-style-outline--1\"><a class=\"wp-block-button__link\" href=\"https:\/\/progepe.ufpr.br\/portarias\/wp-content\/uploads\/pcp\/RT\/2018\/351R.pdf\" style=\"border-radius:0px\" target=\"_blank\" rel=\"noreferrer noopener\">Acesse o arquivo da portaria<\/a><\/div><\/div>\n","protected":false},"excerpt":{"rendered":"<p>I. Cessar os efeitos da Portaria n\u00ba 278\/REITORIA, de 14 de maio de 2018. II. Designar os servidores abaixo relacionados para comporem a subcomiss\u00e3o de patrim\u00f4nio do Gabinete do Reitor e Unidades vinculadas, destinada a promover a gest\u00e3o de patrim\u00f4nio, contemplando a execu\u00e7\u00e3o anual do invent\u00e1rio de bens patrimoniais no \u00e2mbito desta Reitoria. PRESIDENTE: Nome Ramal Login Intranet E-mail Pessoal\/Funcional VILSON MAERCIO KAISER &#8211; 5027 vilsonkaiser@ufpr.br vilsonkaiser@ufpr.br 205442 VICE-PRESIDENTE: Nome Ramal Login Intranet E-mail Pessoal\/Funcional RENATO CARLOS GON\u00c7ALVES &#8211; 5027 renato.goncalves@ufpr.br   renato.goncalves@ufpr.br 204254 MEMBROS: Nome Ramal Login Intranet E-mail Portaria 351\/REITORIA (1024305)<\/p>\n","protected":false},"author":41,"featured_media":0,"comment_status":"closed","ping_status":"open","sticky":false,"template":"","format":"standard","meta":{"_acf_changed":false,"iawp_total_views":3,"footnotes":""},"categories":[117],"tags":[124],"class_list":["post-75329","post","type-post","status-publish","format-standard","hentry","category-rt","tag-comissao"],"acf":[],"_links":{"self":[{"href":"https:\/\/progepe.ufpr.br\/portarias\/wp-json\/wp\/v2\/posts\/75329","targetHints":{"allow":["GET"]}}],"collection":[{"href":"https:\/\/progepe.ufpr.br\/portarias\/wp-json\/wp\/v2\/posts"}],"about":[{"href":"https:\/\/progepe.ufpr.br\/portarias\/wp-json\/wp\/v2\/types\/post"}],"author":[{"embeddable":true,"href":"https:\/\/progepe.ufpr.br\/portarias\/wp-json\/wp\/v2\/users\/41"}],"replies":[{"embeddable":true,"href":"https:\/\/progepe.ufpr.br\/portarias\/wp-json\/wp\/v2\/comments?post=75329"}],"version-history":[{"count":1,"href":"https:\/\/progepe.ufpr.br\/portarias\/wp-json\/wp\/v2\/posts\/75329\/revisions"}],"predecessor-version":[{"id":130534,"href":"https:\/\/progepe.ufpr.br\/portarias\/wp-json\/wp\/v2\/posts\/75329\/revisions\/130534"}],"wp:attachment":[{"href":"https:\/\/progepe.ufpr.br\/portarias\/wp-json\/wp\/v2\/media?parent=75329"}],"wp:term":[{"taxonomy":"category","embeddable":true,"href":"https:\/\/progepe.ufpr.br\/portarias\/wp-json\/wp\/v2\/categories?post=75329"},{"taxonomy":"post_tag","embeddable":true,"href":"https:\/\/progepe.ufpr.br\/portarias\/wp-json\/wp\/v2\/tags?post=75329"}],"curies":[{"name":"wp","href":"https:\/\/api.w.org\/{rel}","templated":true}]}}