{"id":75367,"date":"2018-11-30T05:00:00","date_gmt":"2018-11-30T07:00:00","guid":{"rendered":"http:\/\/progepe.ufpr.br\/portarias\/rt-2018-00646\/"},"modified":"2023-07-31T16:21:03","modified_gmt":"2023-07-31T19:21:03","slug":"rt-2018-00646","status":"publish","type":"post","link":"https:\/\/progepe.ufpr.br\/portarias\/rt-2018-00646\/","title":{"rendered":"PORTARIA N\u00ba 00646\/REITORIA, DE 30 DE NOVEMBRO DE 2018"},"content":{"rendered":"\n<p>A Vice-Reitora da Universidade Federal do Paran\u00e1, no exerc\u00edcio do cargo de Reitora, no uso de suas atribui\u00e7\u00f5es e tendo em vista o que consta no processo n\u00ba 23075.071073\/2018-45,<\/p>\n\n\n<p><strong>RESOLVE:<\/strong><\/p>\n\n\n<p>I. Designar os servidores abaixo relacionados, para comporem a Comiss\u00e3o de Tomada de Contas 2018, destinada \u00e0 realiza\u00e7\u00e3o do invent\u00e1rio de todos os materiais de consumo recebidos no Gabinete do Reitor, conforme UGR atribu\u00edda pelo Ato Or\u00e7ament\u00e1rio n\u00ba 001\/2018: Presidente:GABRIELLA DA CRUZ RUPPERT &#8211; 3014584 Ramal 5107 gabiruppert@ufpr.br MARCUS VINICIUS GON\u00c7ALVES DOS Ramal SANTOS &#8211; 6569946 5010 mvgs@ufpr.br Membros: MARIANE ZUBEK &#8211; 1664401 Ramal 5023 zubek@ufpr.br Almoxarife: VILSON MAERCIO KAISER &#8211; 3220596 Ramal 5027 vilsonkaiser@ufpr.br II. Esta Portaria cessa os efeitos da Portaria n\u00ba 805\/REITORIA, de 05 de dezembro de 2017.<\/p><p><\/p>\n\n\n<div style=\"height:15px\" aria-hidden=\"true\" class=\"wp-block-spacer\"><\/div>\n\n\n<div class=\"wp-block-buttons is-content-justification-right is-layout-flex wp-container-core-buttons-is-layout-1 wp-block-buttons-is-layout-flex\">\n<div class=\"wp-block-button has-custom-font-size is-style-outline has-small-font-size is-style-outline--1\"><a class=\"wp-block-button__link\" href=\"https:\/\/progepe.ufpr.br\/portarias\/wp-content\/uploads\/pcp\/RT\/2018\/646R.pdf\" style=\"border-radius:0px\" target=\"_blank\" rel=\"noreferrer noopener\">Acesse o arquivo da portaria<\/a><\/div><\/div>\n","protected":false},"excerpt":{"rendered":"<p>I. Designar os servidores abaixo relacionados, para comporem a Comiss\u00e3o de Tomada de Contas 2018, destinada \u00e0 realiza\u00e7\u00e3o do invent\u00e1rio de todos os materiais de consumo recebidos no Gabinete do Reitor, conforme UGR atribu\u00edda pelo Ato Or\u00e7ament\u00e1rio n\u00ba 001\/2018: Presidente:GABRIELLA DA CRUZ RUPPERT &#8211; 3014584 Ramal 5107 gabiruppert@ufpr.br MARCUS VINICIUS GON\u00c7ALVES DOS Ramal SANTOS &#8211; 6569946 5010 mvgs@ufpr.br Membros: MARIANE ZUBEK &#8211; 1664401 Ramal 5023 zubek@ufpr.br Almoxarife: VILSON MAERCIO KAISER &#8211; 3220596 Ramal 5027 vilsonkaiser@ufpr.br II. Esta Portaria cessa os efeitos da Portaria n\u00ba 805\/REITORIA, de 05 de dezembro de 2017.  {&#8220;height&#8221;:&#8221;15px&#8221;} <\/p>\n<div style=\"height:15px\" aria-hidden=\"true\" class=\"wp-block-spacer\"> <!--\n<\/p>\n","protected":false},"author":41,"featured_media":0,"comment_status":"closed","ping_status":"open","sticky":false,"template":"","format":"standard","meta":{"_acf_changed":false,"iawp_total_views":6,"footnotes":""},"categories":[117],"tags":[124],"class_list":["post-75367","post","type-post","status-publish","format-standard","hentry","category-rt","tag-comissao"],"acf":[],"_links":{"self":[{"href":"https:\/\/progepe.ufpr.br\/portarias\/wp-json\/wp\/v2\/posts\/75367","targetHints":{"allow":["GET"]}}],"collection":[{"href":"https:\/\/progepe.ufpr.br\/portarias\/wp-json\/wp\/v2\/posts"}],"about":[{"href":"https:\/\/progepe.ufpr.br\/portarias\/wp-json\/wp\/v2\/types\/post"}],"author":[{"embeddable":true,"href":"https:\/\/progepe.ufpr.br\/portarias\/wp-json\/wp\/v2\/users\/41"}],"replies":[{"embeddable":true,"href":"https:\/\/progepe.ufpr.br\/portarias\/wp-json\/wp\/v2\/comments?post=75367"}],"version-history":[{"count":1,"href":"https:\/\/progepe.ufpr.br\/portarias\/wp-json\/wp\/v2\/posts\/75367\/revisions"}],"predecessor-version":[{"id":130572,"href":"https:\/\/progepe.ufpr.br\/portarias\/wp-json\/wp\/v2\/posts\/75367\/revisions\/130572"}],"wp:attachment":[{"href":"https:\/\/progepe.ufpr.br\/portarias\/wp-json\/wp\/v2\/media?parent=75367"}],"wp:term":[{"taxonomy":"category","embeddable":true,"href":"https:\/\/progepe.ufpr.br\/portarias\/wp-json\/wp\/v2\/categories?post=75367"},{"taxonomy":"post_tag","embeddable":true,"href":"https:\/\/progepe.ufpr.br\/portarias\/wp-json\/wp\/v2\/tags?post=75367"}],"curies":[{"name":"wp","href":"https:\/\/api.w.org\/{rel}","templated":true}]}}