{"id":75372,"date":"2018-12-18T05:03:00","date_gmt":"2018-12-18T07:03:00","guid":{"rendered":"http:\/\/progepe.ufpr.br\/portarias\/rt-2018-00696\/"},"modified":"2023-08-03T13:14:11","modified_gmt":"2023-08-03T16:14:11","slug":"rt-2018-00696","status":"publish","type":"post","link":"https:\/\/progepe.ufpr.br\/portarias\/rt-2018-00696\/","title":{"rendered":"PORTARIA N\u00ba 00696\/REITORIA, DE 18 DE DEZEMBRO DE 2018"},"content":{"rendered":"\n<p>O Reitor da Universidade Federal do Paran\u00e1, no uso de suas atribui\u00e7\u00f5es e tendo em vista o que consta no processo n\u00ba 23075.056573\/2018-57,<\/p>\n\n\n<p><strong>RESOLVE:<\/strong><\/p>\n\n\n<p>Exonerar, a pedido, a partir de 21 de novembro de 2018, o servidor EDUARDO TODT &#8211; 1620238, ocupante do cargo de Professor do Magist\u00e9rio Superior, lotado no Departamento de Inform\u00e1tica do Setor de Ci\u00eancias Exatas, do cargo de Presidente da comiss\u00e3o de estudos sobre proposta de revis\u00e3o da Resolu\u00e7\u00e3o n\u00ba 66\/1998-CEPE, que estabelece normas para o afastamento de docentes da UFPR, institu\u00edda pela Portaria n\u00ba 534\/REITORIA, de 24 de setembro de 2018.<\/p><p><\/p>\n\n\n<div style=\"height:15px\" aria-hidden=\"true\" class=\"wp-block-spacer\"><\/div>\n\n\n<div class=\"wp-block-buttons is-content-justification-right is-layout-flex wp-container-core-buttons-is-layout-1 wp-block-buttons-is-layout-flex\">\n<div class=\"wp-block-button has-custom-font-size is-style-outline has-small-font-size is-style-outline--1\"><a class=\"wp-block-button__link\" href=\"https:\/\/progepe.ufpr.br\/portarias\/wp-content\/uploads\/pcp\/RT\/2018\/696R.pdf\" style=\"border-radius:0px\" target=\"_blank\" rel=\"noreferrer noopener\">Acesse o arquivo da portaria<\/a><\/div><\/div>\n","protected":false},"excerpt":{"rendered":"<p>Exonerar, a pedido, a partir de 21 de novembro de 2018, o servidor EDUARDO TODT &#8211; 1620238, ocupante do cargo de Professor do Magist\u00e9rio Superior, lotado no Departamento de Inform\u00e1tica do Setor de Ci\u00eancias Exatas, do cargo de Presidente da comiss\u00e3o de estudos sobre proposta de revis\u00e3o da Resolu\u00e7\u00e3o n\u00ba 66\/1998-CEPE, que estabelece normas para o afastamento de docentes da UFPR, institu\u00edda pela Portaria n\u00ba 534\/REITORIA, de 24 de setembro de 2018.  {&#8220;height&#8221;:&#8221;15px&#8221;} <\/p>\n<div style=\"height:15px\" aria-hidden=\"true\" class=\"wp-block-spacer\"> <!-- \/wp:spacer  {\"layout\":{\"type\":\"flex\",\"justifyContent\":\"right\"}} \n\n<div class=\"wp-block-buttons\"><!-- wp:button {\"style\":{\"border\":{\"radius\":\"0px\"}},\"className\":\"is-style-outline\",\"fontSize\":\"small\"} \n\n<div class=\"wp-block-button has-custom-font-size is-style-outline has-small-font-size\"><a class=\"wp-block-button__link\" href=\"https:\/\/progepe.ufpr.br\/portarias\/wp-content\/uploads\/pcp\/RT\/2018\/696R.pdf\" style=\"border-radius:0px\" target=\"_blank\" rel=\"noreferrer noo\n<\/p>\n","protected":false},"author":41,"featured_media":0,"comment_status":"closed","ping_status":"open","sticky":false,"template":"","format":"standard","meta":{"_acf_changed":false,"iawp_total_views":0,"footnotes":""},"categories":[117],"tags":[124],"class_list":["post-75372","post","type-post","status-publish","format-standard","hentry","category-rt","tag-comissao"],"acf":[],"_links":{"self":[{"href":"https:\/\/progepe.ufpr.br\/portarias\/wp-json\/wp\/v2\/posts\/75372","targetHints":{"allow":["GET"]}}],"collection":[{"href":"https:\/\/progepe.ufpr.br\/portarias\/wp-json\/wp\/v2\/posts"}],"about":[{"href":"https:\/\/progepe.ufpr.br\/portarias\/wp-json\/wp\/v2\/types\/post"}],"author":[{"embeddable":true,"href":"https:\/\/progepe.ufpr.br\/portarias\/wp-json\/wp\/v2\/users\/41"}],"replies":[{"embeddable":true,"href":"https:\/\/progepe.ufpr.br\/portarias\/wp-json\/wp\/v2\/comments?post=75372"}],"version-history":[{"count":1,"href":"https:\/\/progepe.ufpr.br\/portarias\/wp-json\/wp\/v2\/posts\/75372\/revisions"}],"predecessor-version":[{"id":130577,"href":"https:\/\/progepe.ufpr.br\/portarias\/wp-json\/wp\/v2\/posts\/75372\/revisions\/130577"}],"wp:attachment":[{"href":"https:\/\/progepe.ufpr.br\/portarias\/wp-json\/wp\/v2\/media?parent=75372"}],"wp:term":[{"taxonomy":"category","embeddable":true,"href":"https:\/\/progepe.ufpr.br\/portarias\/wp-json\/wp\/v2\/categories?post=75372"},{"taxonomy":"post_tag","embeddable":true,"href":"https:\/\/progepe.ufpr.br\/portarias\/wp-json\/wp\/v2\/tags?post=75372"}],"curies":[{"name":"wp","href":"https:\/\/api.w.org\/{rel}","templated":true}]}}