{"id":75650,"date":"2018-07-19T05:06:00","date_gmt":"2018-07-19T08:06:00","guid":{"rendered":"http:\/\/progepe.ufpr.br\/portarias\/rt-2018-00425\/"},"modified":"2023-08-03T13:13:45","modified_gmt":"2023-08-03T16:13:45","slug":"rt-2018-00425","status":"publish","type":"post","link":"https:\/\/progepe.ufpr.br\/portarias\/rt-2018-00425\/","title":{"rendered":"PORTARIA N\u00ba 00425\/REITORIA, DE 19 DE JULHO DE 2018"},"content":{"rendered":"\n<p style=\"padding-left:43%\">A Vice-Reitora da Universidade Federal do Paran\u00e1, no exerc\u00edcio do cargo de Reitora, no uso de suas atribui\u00e7\u00f5es e tendo em vista o que consta no processo n\u00ba 23075.029311\/2018-10,<\/p>\n\n\n\n<p style=\"padding-left:43%\"><strong>RESOLVE:<\/strong><\/p>\n\n\n\n<p>Designar, a partir de 19 de julho de 2018, a servidora ANA CARLA ZARPELON &#8211; 2336128, como substituta eventual da servidora CRISTINA DE OLIVEIRA RODRIGUES &#8211; 2298631, no cargo de Diretora do Campus Toledo, CD-03, desta Universidade.<\/p>\n","protected":false},"excerpt":{"rendered":"<p>Designar, a partir de 19 de julho de 2018, a servidora ANA CARLA ZARPELON &#8211; 2336128, como substituta eventual da servidora CRISTINA DE OLIVEIRA RODRIGUES &#8211; 2298631, no cargo de Diretora do Campus Toledo, CD-03, desta Universidade.<\/p>\n","protected":false},"author":41,"featured_media":0,"comment_status":"closed","ping_status":"open","sticky":false,"template":"","format":"standard","meta":{"_acf_changed":false,"iawp_total_views":0,"footnotes":""},"categories":[117],"tags":[242],"class_list":["post-75650","post","type-post","status-publish","format-standard","hentry","category-rt","tag-diretor-vice"],"acf":[],"_links":{"self":[{"href":"https:\/\/progepe.ufpr.br\/portarias\/wp-json\/wp\/v2\/posts\/75650","targetHints":{"allow":["GET"]}}],"collection":[{"href":"https:\/\/progepe.ufpr.br\/portarias\/wp-json\/wp\/v2\/posts"}],"about":[{"href":"https:\/\/progepe.ufpr.br\/portarias\/wp-json\/wp\/v2\/types\/post"}],"author":[{"embeddable":true,"href":"https:\/\/progepe.ufpr.br\/portarias\/wp-json\/wp\/v2\/users\/41"}],"replies":[{"embeddable":true,"href":"https:\/\/progepe.ufpr.br\/portarias\/wp-json\/wp\/v2\/comments?post=75650"}],"version-history":[{"count":3,"href":"https:\/\/progepe.ufpr.br\/portarias\/wp-json\/wp\/v2\/posts\/75650\/revisions"}],"predecessor-version":[{"id":183924,"href":"https:\/\/progepe.ufpr.br\/portarias\/wp-json\/wp\/v2\/posts\/75650\/revisions\/183924"}],"wp:attachment":[{"href":"https:\/\/progepe.ufpr.br\/portarias\/wp-json\/wp\/v2\/media?parent=75650"}],"wp:term":[{"taxonomy":"category","embeddable":true,"href":"https:\/\/progepe.ufpr.br\/portarias\/wp-json\/wp\/v2\/categories?post=75650"},{"taxonomy":"post_tag","embeddable":true,"href":"https:\/\/progepe.ufpr.br\/portarias\/wp-json\/wp\/v2\/tags?post=75650"}],"curies":[{"name":"wp","href":"https:\/\/api.w.org\/{rel}","templated":true}]}}