{"id":75669,"date":"2018-03-13T05:06:00","date_gmt":"2018-03-13T08:06:00","guid":{"rendered":"http:\/\/progepe.ufpr.br\/portarias\/rt-2018-00112\/"},"modified":"2024-04-17T10:05:36","modified_gmt":"2024-04-17T13:05:36","slug":"rt-2018-00112","status":"publish","type":"post","link":"https:\/\/progepe.ufpr.br\/portarias\/rt-2018-00112\/","title":{"rendered":"PORTARIA N\u00ba 00112\/REITORIA, DE 13 DE MAR\u00c7O DE 2018"},"content":{"rendered":"\n<p style=\"padding-left:43%\">O Reitor da Universidade Federal do Paran\u00e1, no uso de suas atribui\u00e7\u00f5es e tendo em vista o que consta no processo n\u00ba 23075.218049\/2017-03,<\/p>\n\n\n\n<p style=\"padding-left:43%\"><strong>RESOLVE:<\/strong><\/p>\n\n\n\n<p>Excluir na <a href=\"https:\/\/progepe.ufpr.br\/portarias\/rt-2017-00821\/\" data-type=\"post\" data-id=\"82861\">Portaria n\u00ba 821\/REITORIA, de 08 de dezembro de 2017<\/a>, que institui o Comit\u00ea de Governan\u00e7a, Riscos e Controles Internos &#8211; <strong>CGRC<\/strong> no \u00e2mbito da UFPR, o inciso IV do Art. 1\u00ba, referente a designa\u00e7\u00e3o de um representante da Auditoria Interna da UFPR &#8211; AUDIN, no citado Comit\u00ea, tendo em vista o que consta na Resolu\u00e7\u00e3o n\u00ba 10\/2015-COPLAD.<\/p>\n","protected":false},"excerpt":{"rendered":"<p>Excluir na <a href=\"https:\/\/progepe.ufpr.br\/portarias\/rt-2017-00821\/\" data-type=\"post\" data-id=\"82861\">Portaria n\u00ba 821\/REITORIA, de 08 de dezembro de 2017<\/a>, que institui o Comit\u00ea de Governan\u00e7a, Riscos e Controles Internos &#8211; <strong>CGRC<\/strong> no \u00e2mbito da UFPR, o inciso IV do Art. 1\u00ba, referente a designa\u00e7\u00e3o de um representante da Auditoria Interna da UFPR &#8211; AUDIN, no citado Comit\u00ea, tendo em vista o que consta na Resolu\u00e7\u00e3o n\u00ba 10\/2015-COPLAD.<\/p>\n","protected":false},"author":41,"featured_media":0,"comment_status":"closed","ping_status":"open","sticky":false,"template":"","format":"standard","meta":{"_acf_changed":false,"iawp_total_views":1,"footnotes":""},"categories":[117],"tags":[119],"class_list":["post-75669","post","type-post","status-publish","format-standard","hentry","category-rt","tag-diversos"],"acf":[],"_links":{"self":[{"href":"https:\/\/progepe.ufpr.br\/portarias\/wp-json\/wp\/v2\/posts\/75669","targetHints":{"allow":["GET"]}}],"collection":[{"href":"https:\/\/progepe.ufpr.br\/portarias\/wp-json\/wp\/v2\/posts"}],"about":[{"href":"https:\/\/progepe.ufpr.br\/portarias\/wp-json\/wp\/v2\/types\/post"}],"author":[{"embeddable":true,"href":"https:\/\/progepe.ufpr.br\/portarias\/wp-json\/wp\/v2\/users\/41"}],"replies":[{"embeddable":true,"href":"https:\/\/progepe.ufpr.br\/portarias\/wp-json\/wp\/v2\/comments?post=75669"}],"version-history":[{"count":4,"href":"https:\/\/progepe.ufpr.br\/portarias\/wp-json\/wp\/v2\/posts\/75669\/revisions"}],"predecessor-version":[{"id":255519,"href":"https:\/\/progepe.ufpr.br\/portarias\/wp-json\/wp\/v2\/posts\/75669\/revisions\/255519"}],"wp:attachment":[{"href":"https:\/\/progepe.ufpr.br\/portarias\/wp-json\/wp\/v2\/media?parent=75669"}],"wp:term":[{"taxonomy":"category","embeddable":true,"href":"https:\/\/progepe.ufpr.br\/portarias\/wp-json\/wp\/v2\/categories?post=75669"},{"taxonomy":"post_tag","embeddable":true,"href":"https:\/\/progepe.ufpr.br\/portarias\/wp-json\/wp\/v2\/tags?post=75669"}],"curies":[{"name":"wp","href":"https:\/\/api.w.org\/{rel}","templated":true}]}}