{"id":75697,"date":"2018-09-21T05:00:00","date_gmt":"2018-09-21T08:00:00","guid":{"rendered":"http:\/\/progepe.ufpr.br\/portarias\/rt-2018-00528\/"},"modified":"2024-12-13T08:59:50","modified_gmt":"2024-12-13T11:59:50","slug":"rt-2018-00528","status":"publish","type":"post","link":"https:\/\/progepe.ufpr.br\/portarias\/rt-2018-00528\/","title":{"rendered":"PORTARIA N\u00ba 00528\/REITORIA, DE 21 DE SETEMBRO DE 2018"},"content":{"rendered":"\n<p style=\"padding-left:43%\">O Reitor da Universidade Federal do Paran\u00e1, no uso de suas atribui\u00e7\u00f5es e tendo em vista o que consta no processo n\u00ba 23075.056055\/2018-33,<\/p>\n\n\n\n<p style=\"padding-left:43%\"><strong>RESOLVE:<\/strong><\/p>\n\n\n\n<p>I. Designar, a partir de 20 de setembro de 2018,  a servidora JOANA D&#8217;ARC DE OLIVEIRA &#8211; 2226116, Assessora Especial do Gabinete do Reitor (atuando como Assessora da Pr\u00f3-Reitoria de Administra\u00e7\u00e3o), como Ordenadora de Despesas da citada Pr\u00f3-Reitoria nos impedimentos do Pr\u00f3-Reitor de Administra\u00e7\u00e3o, MARCO ANTONIO RIBAS CAVALIERI &#8211; 1788541.<\/p>\n\n\n\n<p>II. Revogar a <a href=\"https:\/\/progepe.ufpr.br\/portarias\/rt-2017-00098\/\" data-type=\"post\" data-id=\"82821\">Portaria n\u00ba 98\/REITORIA, de 03 de fevereiro de 2017<\/a>.<\/p>\n","protected":false},"excerpt":{"rendered":"<p>I. Designar, a partir de 20 de setembro de 2018, a servidora JOANA D&#8217;ARC DE OLIVEIRA &#8211; 2226116, Assessora Especial do Gabinete do Reitor (atuando como Assessora da Pr\u00f3-Reitoria de Administra\u00e7\u00e3o), como Ordenadora de Despesas da citada Pr\u00f3-Reitoria nos impedimentos do Pr\u00f3-Reitor de Administra\u00e7\u00e3o, MARCO ANTONIO RIBAS CAVALIERI &#8211; 1788541. II. Revogar a Portaria n\u00ba 98\/REITORIA, de 03 de fevereiro de 2017.<\/p>\n","protected":false},"author":41,"featured_media":0,"comment_status":"closed","ping_status":"open","sticky":false,"template":"","format":"standard","meta":{"_acf_changed":false,"iawp_total_views":0,"footnotes":""},"categories":[117],"tags":[119],"class_list":["post-75697","post","type-post","status-publish","format-standard","hentry","category-rt","tag-diversos"],"acf":[],"_links":{"self":[{"href":"https:\/\/progepe.ufpr.br\/portarias\/wp-json\/wp\/v2\/posts\/75697","targetHints":{"allow":["GET"]}}],"collection":[{"href":"https:\/\/progepe.ufpr.br\/portarias\/wp-json\/wp\/v2\/posts"}],"about":[{"href":"https:\/\/progepe.ufpr.br\/portarias\/wp-json\/wp\/v2\/types\/post"}],"author":[{"embeddable":true,"href":"https:\/\/progepe.ufpr.br\/portarias\/wp-json\/wp\/v2\/users\/41"}],"replies":[{"embeddable":true,"href":"https:\/\/progepe.ufpr.br\/portarias\/wp-json\/wp\/v2\/comments?post=75697"}],"version-history":[{"count":4,"href":"https:\/\/progepe.ufpr.br\/portarias\/wp-json\/wp\/v2\/posts\/75697\/revisions"}],"predecessor-version":[{"id":258138,"href":"https:\/\/progepe.ufpr.br\/portarias\/wp-json\/wp\/v2\/posts\/75697\/revisions\/258138"}],"wp:attachment":[{"href":"https:\/\/progepe.ufpr.br\/portarias\/wp-json\/wp\/v2\/media?parent=75697"}],"wp:term":[{"taxonomy":"category","embeddable":true,"href":"https:\/\/progepe.ufpr.br\/portarias\/wp-json\/wp\/v2\/categories?post=75697"},{"taxonomy":"post_tag","embeddable":true,"href":"https:\/\/progepe.ufpr.br\/portarias\/wp-json\/wp\/v2\/tags?post=75697"}],"curies":[{"name":"wp","href":"https:\/\/api.w.org\/{rel}","templated":true}]}}