{"id":75713,"date":"2018-12-17T05:07:00","date_gmt":"2018-12-17T07:07:00","guid":{"rendered":"http:\/\/progepe.ufpr.br\/portarias\/rt-2018-00692\/"},"modified":"2024-04-29T14:56:20","modified_gmt":"2024-04-29T17:56:20","slug":"rt-2018-00692","status":"publish","type":"post","link":"https:\/\/progepe.ufpr.br\/portarias\/rt-2018-00692\/","title":{"rendered":"PORTARIA N\u00ba 00692\/REITORIA, DE 17 DE DEZEMBRO DE 2018"},"content":{"rendered":"\n<p style=\"padding-left:43%\">O Reitor da Universidade Federal do Paran\u00e1, no uso de suas atribui\u00e7\u00f5es e tendo em vista o que consta no processo n\u00ba 23075.069528\/2018-62,<\/p>\n\n\n\n<p style=\"padding-left:43%\"><strong>RESOLVE:<\/strong><\/p>\n\n\n\n<p>Retificar no Art. 9\u00ba \u00a72\u00ba da <a href=\"https:\/\/progepe.ufpr.br\/portarias\/rt-2018-00643\/\" data-type=\"post\" data-id=\"75712\">Portaria n\u00ba 643\/REITORIA, de 26 de novembro de 2018<\/a>, referente \u00e0 regulamenta\u00e7\u00e3o da ado\u00e7\u00e3o da jornada de trabalho de 30 (trinta) horas semanais e 6 (seis) horas di\u00e1rias &#8211; denominada, para efeito desta Portaria, Jornada Flexibilizada &#8211; para servidores t\u00e9cnico-administrativos em educa\u00e7\u00e3o:<\/p>\n\n\n\n<p style=\"padding-left:var(--wp--preset--spacing--30)\">Onde se l\u00ea: 4. Formul\u00e1rio 2 &#8211; An\u00e1lise do conselho setorial ou estrutura equivalente.<br>Leia-se: 4. Formul\u00e1rio 2 &#8211; An\u00e1lise da Dire\u00e7\u00e3o do Setor ou estrutura equivalente.<\/p>\n","protected":false},"excerpt":{"rendered":"<p>Retificar no Art. 9\u00ba \u00a72\u00ba da <a href=\"https:\/\/progepe.ufpr.br\/portarias\/rt-2018-00643\/\" data-type=\"post\" data-id=\"75712\">Portaria n\u00ba 643\/REITORIA, de 26 de novembro de 2018<\/a>, referente \u00e0 regulamenta\u00e7\u00e3o da ado\u00e7\u00e3o da jornada de trabalho de 30 (trinta) horas semanais e 6 (seis) horas di\u00e1rias &#8211; denominada, para efeito desta Portaria, Jornada Flexibilizada &#8211; para servidores t\u00e9cnico-administrativos em educa\u00e7\u00e3o:  <!-- wp:paragraph {\"style\":{\"spacing\":{\"padding\":{\"left\":\"var:preset|spacing|30\"}}}} \n\n<p style=\"padding-left:var(--wp--preset--spacing--30)\">Onde se l\u00ea: 4. Formul\u00e1rio 2 - An\u00e1lise do conselho setorial ou estrutura equivalente.<br \/>Leia-se: 4. Formul\u00e1rio 2 - An\u00e1lise da Dire\u00e7\u00e3o do Setor ou estrutura equivalente.\n<\/p>\n","protected":false},"author":41,"featured_media":0,"comment_status":"closed","ping_status":"open","sticky":false,"template":"","format":"standard","meta":{"_acf_changed":false,"iawp_total_views":21,"footnotes":""},"categories":[117],"tags":[119],"class_list":["post-75713","post","type-post","status-publish","format-standard","hentry","category-rt","tag-diversos"],"acf":[],"_links":{"self":[{"href":"https:\/\/progepe.ufpr.br\/portarias\/wp-json\/wp\/v2\/posts\/75713","targetHints":{"allow":["GET"]}}],"collection":[{"href":"https:\/\/progepe.ufpr.br\/portarias\/wp-json\/wp\/v2\/posts"}],"about":[{"href":"https:\/\/progepe.ufpr.br\/portarias\/wp-json\/wp\/v2\/types\/post"}],"author":[{"embeddable":true,"href":"https:\/\/progepe.ufpr.br\/portarias\/wp-json\/wp\/v2\/users\/41"}],"replies":[{"embeddable":true,"href":"https:\/\/progepe.ufpr.br\/portarias\/wp-json\/wp\/v2\/comments?post=75713"}],"version-history":[{"count":7,"href":"https:\/\/progepe.ufpr.br\/portarias\/wp-json\/wp\/v2\/posts\/75713\/revisions"}],"predecessor-version":[{"id":255431,"href":"https:\/\/progepe.ufpr.br\/portarias\/wp-json\/wp\/v2\/posts\/75713\/revisions\/255431"}],"wp:attachment":[{"href":"https:\/\/progepe.ufpr.br\/portarias\/wp-json\/wp\/v2\/media?parent=75713"}],"wp:term":[{"taxonomy":"category","embeddable":true,"href":"https:\/\/progepe.ufpr.br\/portarias\/wp-json\/wp\/v2\/categories?post=75713"},{"taxonomy":"post_tag","embeddable":true,"href":"https:\/\/progepe.ufpr.br\/portarias\/wp-json\/wp\/v2\/tags?post=75713"}],"curies":[{"name":"wp","href":"https:\/\/api.w.org\/{rel}","templated":true}]}}