{"id":75824,"date":"2018-04-13T05:02:00","date_gmt":"2018-04-13T08:02:00","guid":{"rendered":"http:\/\/progepe.ufpr.br\/portarias\/rt-2018-00184\/"},"modified":"2023-08-03T13:13:20","modified_gmt":"2023-08-03T16:13:20","slug":"rt-2018-00184","status":"publish","type":"post","link":"https:\/\/progepe.ufpr.br\/portarias\/rt-2018-00184\/","title":{"rendered":"PORTARIA N\u00ba 00184\/REITORIA, DE 13 DE ABRIL DE 2018"},"content":{"rendered":"\n<p>O Reitor da Universidade Federal do Paran\u00e1, no uso de suas atribui\u00e7\u00f5es, tendo em vista a compet\u00eancia que lhe \u00e9 conferida pelo artigo 30, incisos V e XVI, do Estatuto da UFPR, o disposto nos artigos 143, 148 e 155 da Lei n\u00ba 8.112, de 11 de dezembro de 1990, no artigo 25, al\u00ednea c, do Decreto- Lei n\u00ba 9.295, de 27 de maio de 1946, e o que consta nos Processos n\u00ba 23075.045348\/2013-81 e 23075.019507\/2018-04,<\/p>\n\n\n<p><strong>RESOLVE:<\/strong><\/p>\n\n\n<p>I. Designar o servidor LUIZ CARLOS DE SOUZA \u2013 342781, ocupante do cargo de Professor do Magist\u00e9rio Superior, lotado no Departamento de Ci\u00eancias Cont\u00e1beis do Setor de Ci\u00eancias Sociais Aplicadas, para atuar como perito-contador da Comiss\u00e3o de Processo Administrativo Disciplinar respons\u00e1vel pela apura\u00e7\u00e3o dos fatos de que trata o Processo 23075.045348\/2013-81.<\/p><p> II. O referido servidor dever\u00e1 desempenhar suas atividades perante a comiss\u00e3o processante com independ\u00eancia e imparcialidade, observando o dever de sigilo, at\u00e9 a conclus\u00e3o dos trabalhos apurat\u00f3rios, sem preju\u00edzo de suas atribui\u00e7\u00f5es regulares em sua unidade de lota\u00e7\u00e3o.<\/p><p><\/p>\n\n\n<div style=\"height:15px\" aria-hidden=\"true\" class=\"wp-block-spacer\"><\/div>\n\n\n<div class=\"wp-block-buttons is-content-justification-right is-layout-flex wp-container-core-buttons-is-layout-1 wp-block-buttons-is-layout-flex\">\n<div class=\"wp-block-button has-custom-font-size is-style-outline has-small-font-size is-style-outline--1\"><a class=\"wp-block-button__link\" href=\"https:\/\/progepe.ufpr.br\/portarias\/wp-content\/uploads\/pcp\/RT\/2018\/184R.pdf\" style=\"border-radius:0px\" target=\"_blank\" rel=\"noreferrer noopener\">Acesse o arquivo da portaria<\/a><\/div><\/div>\n","protected":false},"excerpt":{"rendered":"<p>I. Designar o servidor LUIZ CARLOS DE SOUZA \u2013 342781, ocupante do cargo de Professor do Magist\u00e9rio Superior, lotado no Departamento de Ci\u00eancias Cont\u00e1beis do Setor de Ci\u00eancias Sociais Aplicadas, para atuar como perito-contador da Comiss\u00e3o de Processo Administrativo Disciplinar respons\u00e1vel pela apura\u00e7\u00e3o dos fatos de que trata o Processo 23075.045348\/2013-81. II. O referido servidor dever\u00e1 desempenhar suas atividades perante a comiss\u00e3o processante com independ\u00eancia e imparcialidade, observando o dever de sigilo, at\u00e9 a conclus\u00e3o dos trabalhos apurat\u00f3rios, sem preju\u00edzo de suas atribui\u00e7\u00f5es regulares em sua unidade de lota\u00e7\u00e3o.  {&#8220;height&#8221;:&#8221;15px&#8221;} <\/p>\n<div style=\"height:15px\" aria-hidden=\"true\" class=\"wp-block-spacer\"> <!-- \/wp:spacer\n<\/p>\n","protected":false},"author":41,"featured_media":0,"comment_status":"closed","ping_status":"open","sticky":false,"template":"","format":"standard","meta":{"_acf_changed":false,"iawp_total_views":0,"footnotes":""},"categories":[117],"tags":[132],"class_list":["post-75824","post","type-post","status-publish","format-standard","hentry","category-rt","tag-pad-sindicancia"],"acf":[],"_links":{"self":[{"href":"https:\/\/progepe.ufpr.br\/portarias\/wp-json\/wp\/v2\/posts\/75824","targetHints":{"allow":["GET"]}}],"collection":[{"href":"https:\/\/progepe.ufpr.br\/portarias\/wp-json\/wp\/v2\/posts"}],"about":[{"href":"https:\/\/progepe.ufpr.br\/portarias\/wp-json\/wp\/v2\/types\/post"}],"author":[{"embeddable":true,"href":"https:\/\/progepe.ufpr.br\/portarias\/wp-json\/wp\/v2\/users\/41"}],"replies":[{"embeddable":true,"href":"https:\/\/progepe.ufpr.br\/portarias\/wp-json\/wp\/v2\/comments?post=75824"}],"version-history":[{"count":1,"href":"https:\/\/progepe.ufpr.br\/portarias\/wp-json\/wp\/v2\/posts\/75824\/revisions"}],"predecessor-version":[{"id":131018,"href":"https:\/\/progepe.ufpr.br\/portarias\/wp-json\/wp\/v2\/posts\/75824\/revisions\/131018"}],"wp:attachment":[{"href":"https:\/\/progepe.ufpr.br\/portarias\/wp-json\/wp\/v2\/media?parent=75824"}],"wp:term":[{"taxonomy":"category","embeddable":true,"href":"https:\/\/progepe.ufpr.br\/portarias\/wp-json\/wp\/v2\/categories?post=75824"},{"taxonomy":"post_tag","embeddable":true,"href":"https:\/\/progepe.ufpr.br\/portarias\/wp-json\/wp\/v2\/tags?post=75824"}],"curies":[{"name":"wp","href":"https:\/\/api.w.org\/{rel}","templated":true}]}}