{"id":75848,"date":"2018-12-21T05:04:00","date_gmt":"2018-12-21T07:04:00","guid":{"rendered":"http:\/\/progepe.ufpr.br\/portarias\/rt-2018-00719\/"},"modified":"2023-08-03T13:14:14","modified_gmt":"2023-08-03T16:14:14","slug":"rt-2018-00719","status":"publish","type":"post","link":"https:\/\/progepe.ufpr.br\/portarias\/rt-2018-00719\/","title":{"rendered":"PORTARIA N\u00ba 00719\/REITORIA, DE 21 DE DEZEMBRO DE 2018"},"content":{"rendered":"\n<p>O Reitor da Universidade Federal do Paran\u00e1, no uso de suas atribui\u00e7\u00f5es e tendo em vista o que consta no processo n\u00ba 23075.074231\/2018-19,<\/p>\n\n\n<p><strong>RESOLVE:<\/strong><\/p>\n\n\n<p>Alterar a jornada de trabalho de 30 (trinta) horas semanais, para 40 (quarenta) horas semanais, com remunera\u00e7\u00e3o proporcional, da servidora GISLAINE PEREIRA RAMOS &#8211; 1910446, ocupante do cargo de Secret\u00e1ria Executiva, lotada na Coordena\u00e7\u00e3o do Curso de Educa\u00e7\u00e3o F\u00edsica do Setor de Ci\u00eancias Biol\u00f3gicas, a partir de 01 de fevereiro de 2019, tendo em vista o que consta no Art. 21 da Instru\u00e7\u00e3o Normativa n\u00ba 2, de 12 de setembro de 2018, do Minist\u00e9rio do Planejamento.<\/p><p><\/p>\n\n\n<div style=\"height:15px\" aria-hidden=\"true\" class=\"wp-block-spacer\"><\/div>\n\n\n<div class=\"wp-block-buttons is-content-justification-right is-layout-flex wp-container-core-buttons-is-layout-1 wp-block-buttons-is-layout-flex\">\n<div class=\"wp-block-button has-custom-font-size is-style-outline has-small-font-size is-style-outline--1\"><a class=\"wp-block-button__link\" href=\"https:\/\/progepe.ufpr.br\/portarias\/wp-content\/uploads\/pcp\/RT\/2018\/719R.pdf\" style=\"border-radius:0px\" target=\"_blank\" rel=\"noreferrer noopener\">Acesse o arquivo da portaria<\/a><\/div><\/div>\n","protected":false},"excerpt":{"rendered":"<p>Alterar a jornada de trabalho de 30 (trinta) horas semanais, para 40 (quarenta) horas semanais, com remunera\u00e7\u00e3o proporcional, da servidora GISLAINE PEREIRA RAMOS &#8211; 1910446, ocupante do cargo de Secret\u00e1ria Executiva, lotada na Coordena\u00e7\u00e3o do Curso de Educa\u00e7\u00e3o F\u00edsica do Setor de Ci\u00eancias Biol\u00f3gicas, a partir de 01 de fevereiro de 2019, tendo em vista o que consta no Art. 21 da Instru\u00e7\u00e3o Normativa n\u00ba 2, de 12 de setembro de 2018, do Minist\u00e9rio do Planejamento.  {&#8220;height&#8221;:&#8221;15px&#8221;} <\/p>\n<div style=\"height:15px\" aria-hidden=\"true\" class=\"wp-block-spacer\"> <!-- \/wp:spacer  {\"layout\":{\"type\":\"flex\",\"justifyContent\":\"right\"}} \n\n<div class=\"wp-block-buttons\"><!-- wp:button {\"style\":{\"border\":{\"radius\":\"0px\"}},\"className\":\"is-style-outline\",\"fontSize\":\"small\"} \n\n<div class=\"wp-block-button has-custom-font-size is-style-outline has-small-font-size\"><a class=\"wp-block-button__link\" href=\"https:\/\/progepe.ufpr.br\/portarias\/wp-content\/uploads\/pcp\/RT\/2018\/719R.pdf\" style=\"border-radius:0px\"\n<\/p>\n","protected":false},"author":41,"featured_media":0,"comment_status":"closed","ping_status":"open","sticky":false,"template":"","format":"standard","meta":{"_acf_changed":false,"iawp_total_views":0,"footnotes":""},"categories":[117],"tags":[130],"class_list":["post-75848","post","type-post","status-publish","format-standard","hentry","category-rt","tag-regime-trabalho"],"acf":[],"_links":{"self":[{"href":"https:\/\/progepe.ufpr.br\/portarias\/wp-json\/wp\/v2\/posts\/75848","targetHints":{"allow":["GET"]}}],"collection":[{"href":"https:\/\/progepe.ufpr.br\/portarias\/wp-json\/wp\/v2\/posts"}],"about":[{"href":"https:\/\/progepe.ufpr.br\/portarias\/wp-json\/wp\/v2\/types\/post"}],"author":[{"embeddable":true,"href":"https:\/\/progepe.ufpr.br\/portarias\/wp-json\/wp\/v2\/users\/41"}],"replies":[{"embeddable":true,"href":"https:\/\/progepe.ufpr.br\/portarias\/wp-json\/wp\/v2\/comments?post=75848"}],"version-history":[{"count":1,"href":"https:\/\/progepe.ufpr.br\/portarias\/wp-json\/wp\/v2\/posts\/75848\/revisions"}],"predecessor-version":[{"id":131041,"href":"https:\/\/progepe.ufpr.br\/portarias\/wp-json\/wp\/v2\/posts\/75848\/revisions\/131041"}],"wp:attachment":[{"href":"https:\/\/progepe.ufpr.br\/portarias\/wp-json\/wp\/v2\/media?parent=75848"}],"wp:term":[{"taxonomy":"category","embeddable":true,"href":"https:\/\/progepe.ufpr.br\/portarias\/wp-json\/wp\/v2\/categories?post=75848"},{"taxonomy":"post_tag","embeddable":true,"href":"https:\/\/progepe.ufpr.br\/portarias\/wp-json\/wp\/v2\/tags?post=75848"}],"curies":[{"name":"wp","href":"https:\/\/api.w.org\/{rel}","templated":true}]}}