{"id":77513,"date":"2018-01-29T10:03:00","date_gmt":"2018-01-29T12:03:00","guid":{"rendered":"http:\/\/progepe.ufpr.br\/portarias\/progepe-2018-00419\/"},"modified":"2023-08-03T12:31:03","modified_gmt":"2023-08-03T15:31:03","slug":"progepe-2018-00419","status":"publish","type":"post","link":"https:\/\/progepe.ufpr.br\/portarias\/progepe-2018-00419\/","title":{"rendered":"PORTARIA N\u00ba 00419\/PROGEPE, DE 29 DE JANEIRO DE 2018"},"content":{"rendered":"\n<p>O Pr\u00f3-Reitor de Gest\u00e3o de Pessoas da Universidade Federal do Paran\u00e1, no uso de suas atribui\u00e7\u00f5es, tendo em vista a compet\u00eancia que lhe \u00e9 conferida pela Portaria n\u00ba 2.590, de 26 de setembro de 1997 e considerando o que consta no processo n\u00ba 23075.214127\/2017-92,<\/p>\n\n\n<p><strong>RESOLVE:<\/strong><\/p>\n\n\n<p>Conceder Aposentadoria Volunt\u00e1ria por Tempo de Contribui\u00e7\u00e3o, nos termos do Art.<\/p><p> 3\u00ba da Emenda Constitucional n\u00ba 47\/05, o servidor SETEMBRINO SOARES FERREIRA JUNIOR &#8211; 341130, lotado no Departamento de Inform\u00e1tica do Setor de Ci\u00eancias Exatas, ocupante do cargo de Professor Adjunto, n\u00edvel 601, com Mestrado, no regime de trabalho de 40 (quarenta) horas semanais, com Dedica\u00e7\u00e3o Exclusiva, com o vencimento do mencionado cargo, mais a Gratifica\u00e7\u00e3o Adicional por Tempo de Servi\u00e7o, prevista no Art. 67 da Lei n\u00b0 8.112\/90, no \u00edndice de 19 (dezenove por cento), calculada sobre o vencimento b\u00e1sico, mais a Retribui\u00e7\u00e3o por Titula\u00e7\u00e3o, institu\u00edda pela Lei n\u00b0 12.772\/12.<\/p><p><\/p>\n\n\n<div style=\"height:15px\" aria-hidden=\"true\" class=\"wp-block-spacer\"><\/div>\n\n\n<div class=\"wp-block-buttons is-content-justification-right is-layout-flex wp-container-core-buttons-is-layout-1 wp-block-buttons-is-layout-flex\">\n<div class=\"wp-block-button has-custom-font-size is-style-outline has-small-font-size is-style-outline--1\"><a class=\"wp-block-button__link\" href=\"https:\/\/progepe.ufpr.br\/portarias\/wp-content\/uploads\/pcp\/PROGEPE\/2018\/419PR.pdf\" style=\"border-radius:0px\" target=\"_blank\" rel=\"noreferrer noopener\">Acesse o arquivo da portaria<\/a><\/div><\/div>\n","protected":false},"excerpt":{"rendered":"<p>Conceder Aposentadoria Volunt\u00e1ria por Tempo de Contribui\u00e7\u00e3o, nos termos do Art. 3\u00ba da Emenda Constitucional n\u00ba 47\/05, o servidor SETEMBRINO SOARES FERREIRA JUNIOR &#8211; 341130, lotado no Departamento de Inform\u00e1tica do Setor de Ci\u00eancias Exatas, ocupante do cargo de Professor Adjunto, n\u00edvel 601, com Mestrado, no regime de trabalho de 40 (quarenta) horas semanais, com Dedica\u00e7\u00e3o Exclusiva, com o vencimento do mencionado cargo, mais a Gratifica\u00e7\u00e3o Adicional por Tempo de Servi\u00e7o, prevista no Art. 67 da Lei n\u00b0 8.112\/90, no \u00edndice de 19 (dezenove por cento), calculada sobre o vencimento b\u00e1sico, mais a Retribui\u00e7\u00e3o por Titula\u00e7\u00e3o, institu\u00edda pela<\/p>\n","protected":false},"author":41,"featured_media":0,"comment_status":"closed","ping_status":"open","sticky":false,"template":"","format":"standard","meta":{"_acf_changed":false,"iawp_total_views":0,"footnotes":""},"categories":[116],"tags":[125],"class_list":["post-77513","post","type-post","status-publish","format-standard","hentry","category-progepe","tag-aposentadoria"],"acf":[],"_links":{"self":[{"href":"https:\/\/progepe.ufpr.br\/portarias\/wp-json\/wp\/v2\/posts\/77513","targetHints":{"allow":["GET"]}}],"collection":[{"href":"https:\/\/progepe.ufpr.br\/portarias\/wp-json\/wp\/v2\/posts"}],"about":[{"href":"https:\/\/progepe.ufpr.br\/portarias\/wp-json\/wp\/v2\/types\/post"}],"author":[{"embeddable":true,"href":"https:\/\/progepe.ufpr.br\/portarias\/wp-json\/wp\/v2\/users\/41"}],"replies":[{"embeddable":true,"href":"https:\/\/progepe.ufpr.br\/portarias\/wp-json\/wp\/v2\/comments?post=77513"}],"version-history":[{"count":1,"href":"https:\/\/progepe.ufpr.br\/portarias\/wp-json\/wp\/v2\/posts\/77513\/revisions"}],"predecessor-version":[{"id":132462,"href":"https:\/\/progepe.ufpr.br\/portarias\/wp-json\/wp\/v2\/posts\/77513\/revisions\/132462"}],"wp:attachment":[{"href":"https:\/\/progepe.ufpr.br\/portarias\/wp-json\/wp\/v2\/media?parent=77513"}],"wp:term":[{"taxonomy":"category","embeddable":true,"href":"https:\/\/progepe.ufpr.br\/portarias\/wp-json\/wp\/v2\/categories?post=77513"},{"taxonomy":"post_tag","embeddable":true,"href":"https:\/\/progepe.ufpr.br\/portarias\/wp-json\/wp\/v2\/tags?post=77513"}],"curies":[{"name":"wp","href":"https:\/\/api.w.org\/{rel}","templated":true}]}}