{"id":77606,"date":"2018-12-18T10:20:00","date_gmt":"2018-12-18T12:20:00","guid":{"rendered":"http:\/\/progepe.ufpr.br\/portarias\/progepe-2018-06054\/"},"modified":"2023-08-03T12:41:57","modified_gmt":"2023-08-03T15:41:57","slug":"progepe-2018-06054","status":"publish","type":"post","link":"https:\/\/progepe.ufpr.br\/portarias\/progepe-2018-06054\/","title":{"rendered":"PORTARIA N\u00ba 06054\/PROGEPE, DE 18 DE DEZEMBRO DE 2018"},"content":{"rendered":"\n<p>O Pr\u00f3-Reitor de Gest\u00e3o de Pessoas da Universidade Federal do Paran\u00e1, no uso de suas atribui\u00e7\u00f5es, tendo em vista a compet\u00eancia que lhe \u00e9 conferida pela Portaria n\u00ba 2.590, de 26 de setembro de 1997 e considerando o que consta no processo n\u00ba 23075.709791\/2018-04,<\/p>\n\n\n<p><strong>RESOLVE:<\/strong><\/p>\n\n\n<p>Conceder Aposentadoria Volunt\u00e1ria por Idade, nos termos do Art. 40, \u00a7 1\u00ba, inciso III, al\u00ednea b, da Constitui\u00e7\u00e3o Federal, alterado pela Emenda Constitucional n\u00ba 41\/03, combinado com o Art. 1\u00ba, \u00a7 1\u00ba da Lei n\u00ba 10.887\/04, \u00e0 servidora EUNICE RECHETELO \u2013 1210924, NASCIDA EM 10.12.1952, lotada no Servi\u00e7o de Doen\u00e7as Neuromusculares do Hospital de Cl\u00ednicas, ocupante do cargo de Auxiliar de Laborat\u00f3rio, n\u00edvel de classifica\u00e7\u00e3o B, n\u00edvel de capacita\u00e7\u00e3o IV, padr\u00e3o de vencimento 14, no regime de trabalho de 40 (quarenta) horas semanais, com proventos proporcionais ao tempo de contribui\u00e7\u00e3o, calculados sobre a m\u00e9dia das remunera\u00e7\u00f5es utilizadas como base para as contribui\u00e7\u00f5es aos regimes de previd\u00eancia.<\/p><p><\/p>\n\n\n<div style=\"height:15px\" aria-hidden=\"true\" class=\"wp-block-spacer\"><\/div>\n\n\n<div class=\"wp-block-buttons is-content-justification-right is-layout-flex wp-container-core-buttons-is-layout-1 wp-block-buttons-is-layout-flex\">\n<div class=\"wp-block-button has-custom-font-size is-style-outline has-small-font-size is-style-outline--1\"><a class=\"wp-block-button__link\" href=\"https:\/\/progepe.ufpr.br\/portarias\/wp-content\/uploads\/pcp\/PROGEPE\/2018\/6054PR.pdf\" style=\"border-radius:0px\" target=\"_blank\" rel=\"noreferrer noopener\">Acesse o arquivo da portaria<\/a><\/div><\/div>\n","protected":false},"excerpt":{"rendered":"<p>Conceder Aposentadoria Volunt\u00e1ria por Idade, nos termos do Art. 40, \u00a7 1\u00ba, inciso III, al\u00ednea b, da Constitui\u00e7\u00e3o Federal, alterado pela Emenda Constitucional n\u00ba 41\/03, combinado com o Art. 1\u00ba, \u00a7 1\u00ba da Lei n\u00ba 10.887\/04, \u00e0 servidora EUNICE RECHETELO \u2013 1210924, NASCIDA EM 10.12.1952, lotada no Servi\u00e7o de Doen\u00e7as Neuromusculares do Hospital de Cl\u00ednicas, ocupante do cargo de Auxiliar de Laborat\u00f3rio, n\u00edvel de classifica\u00e7\u00e3o B, n\u00edvel de capacita\u00e7\u00e3o IV, padr\u00e3o de vencimento 14, no regime de trabalho de 40 (quarenta) horas semanais, com proventos proporcionais ao tempo de contribui\u00e7\u00e3o, calculados sobre a m\u00e9dia das remunera\u00e7\u00f5es utilizadas como<\/p>\n","protected":false},"author":41,"featured_media":0,"comment_status":"closed","ping_status":"open","sticky":false,"template":"","format":"standard","meta":{"_acf_changed":false,"iawp_total_views":0,"footnotes":""},"categories":[116],"tags":[125],"class_list":["post-77606","post","type-post","status-publish","format-standard","hentry","category-progepe","tag-aposentadoria"],"acf":[],"_links":{"self":[{"href":"https:\/\/progepe.ufpr.br\/portarias\/wp-json\/wp\/v2\/posts\/77606","targetHints":{"allow":["GET"]}}],"collection":[{"href":"https:\/\/progepe.ufpr.br\/portarias\/wp-json\/wp\/v2\/posts"}],"about":[{"href":"https:\/\/progepe.ufpr.br\/portarias\/wp-json\/wp\/v2\/types\/post"}],"author":[{"embeddable":true,"href":"https:\/\/progepe.ufpr.br\/portarias\/wp-json\/wp\/v2\/users\/41"}],"replies":[{"embeddable":true,"href":"https:\/\/progepe.ufpr.br\/portarias\/wp-json\/wp\/v2\/comments?post=77606"}],"version-history":[{"count":1,"href":"https:\/\/progepe.ufpr.br\/portarias\/wp-json\/wp\/v2\/posts\/77606\/revisions"}],"predecessor-version":[{"id":132555,"href":"https:\/\/progepe.ufpr.br\/portarias\/wp-json\/wp\/v2\/posts\/77606\/revisions\/132555"}],"wp:attachment":[{"href":"https:\/\/progepe.ufpr.br\/portarias\/wp-json\/wp\/v2\/media?parent=77606"}],"wp:term":[{"taxonomy":"category","embeddable":true,"href":"https:\/\/progepe.ufpr.br\/portarias\/wp-json\/wp\/v2\/categories?post=77606"},{"taxonomy":"post_tag","embeddable":true,"href":"https:\/\/progepe.ufpr.br\/portarias\/wp-json\/wp\/v2\/tags?post=77606"}],"curies":[{"name":"wp","href":"https:\/\/api.w.org\/{rel}","templated":true}]}}