{"id":77751,"date":"2018-01-26T10:02:00","date_gmt":"2018-01-26T12:02:00","guid":{"rendered":"http:\/\/progepe.ufpr.br\/portarias\/progepe-2018-00408\/"},"modified":"2023-08-03T12:31:02","modified_gmt":"2023-08-03T15:31:02","slug":"progepe-2018-00408","status":"publish","type":"post","link":"https:\/\/progepe.ufpr.br\/portarias\/progepe-2018-00408\/","title":{"rendered":"PORTARIA N\u00ba 00408\/PROGEPE, DE 26 DE JANEIRO DE 2018"},"content":{"rendered":"\n<p>O Pr\u00f3-Reitor de Gest\u00e3o de Pessoas da Universidade Federal do Paran\u00e1, no uso de suas atribui\u00e7\u00f5es, tendo em vista a compet\u00eancia que lhe \u00e9 conferida pela Portaria n\u00ba 2.590, de 26 de setembro de 1997; o que consta no Art. 100 e 103 da Lei n\u00ba 8.112\/90 e ainda o contido no processo n\u00ba 23075.219969\/2017-31,<\/p>\n\n\n<p><strong>RESOLVE:<\/strong><\/p>\n\n\n<p>Averbar, a partir de 14 de dezembro de 2017, em favor da servidora MIRIAM EGER KLEIN &#8211; 2697293, ocupante do cargo de Assistente em Administra\u00e7\u00e3o, lotada na Secretaria dos Departamentos do Setor Palotina: Aposentadoria e disponibilidade: EMPRESA PER\u00cdODO TOTAL DE DIAS Lojas Colombo S A Comercio de Utilidades Dom\u00e9sticas 05\/04\/1999 a 18\/07\/2001 836 Livraria e Papelaria Palotina Ltda &#8211; ME 04\/11\/2002 a 04\/03\/2004 487 Super M\u00f3veis Com\u00e9rcio e Exporta\u00e7\u00e3o Ltda &#8211; EPP 09\/03\/2004 a 09\/12\/2004 276 Ribeiro S A Com\u00e9rcio de Pneus 13\/12\/2004 a 16\/09\/2005 279 Campneus Lider de Penum\u00e1ticos Ltda 01\/11\/2005 a 11\/08\/2006 284 Agrobartt Solu\u00e7\u00f5es Agr\u00edcolas Ltda &#8211; EPP 02\/01\/2007 a 24\/11\/2008 693 V Brondani &#038; CIA Ltda &#8211; EPP 01\/11\/2009 a 30\/09\/2013 1430 C. Valle \u2013 Cooperativa Agroindustrial 12\/02\/2014 a 15\/05\/2017 90<\/p>\n\n\n<div style=\"height:15px\" aria-hidden=\"true\" class=\"wp-block-spacer\"><\/div>\n\n\n<div class=\"wp-block-buttons is-content-justification-right is-layout-flex wp-container-core-buttons-is-layout-1 wp-block-buttons-is-layout-flex\">\n<div class=\"wp-block-button has-custom-font-size is-style-outline has-small-font-size is-style-outline--1\"><a class=\"wp-block-button__link\" href=\"https:\/\/progepe.ufpr.br\/portarias\/wp-content\/uploads\/pcp\/PROGEPE\/2018\/408PR.pdf\" style=\"border-radius:0px\" target=\"_blank\" rel=\"noreferrer noopener\">Acesse o arquivo da portaria<\/a><\/div><\/div>\n","protected":false},"excerpt":{"rendered":"<p>Averbar, a partir de 14 de dezembro de 2017, em favor da servidora MIRIAM EGER KLEIN &#8211; 2697293, ocupante do cargo de Assistente em Administra\u00e7\u00e3o, lotada na Secretaria dos Departamentos do Setor Palotina: Aposentadoria e disponibilidade: EMPRESA PER\u00cdODO TOTAL DE DIAS Lojas Colombo S A Comercio de Utilidades Dom\u00e9sticas 05\/04\/1999 a 18\/07\/2001 836 Livraria e Papelaria Palotina Ltda &#8211; ME 04\/11\/2002 a 04\/03\/2004 487 Super M\u00f3veis Com\u00e9rcio e Exporta\u00e7\u00e3o Ltda &#8211; EPP 09\/03\/2004 a 09\/12\/2004 276 Ribeiro S A Com\u00e9rcio de Pneus 13\/12\/2004 a 16\/09\/2005 279 Campneus Lider de Penum\u00e1ticos Ltda 01\/11\/2005 a 11\/08\/2006 284 Agrobartt Solu\u00e7\u00f5es Agr\u00edcolas<\/p>\n","protected":false},"author":41,"featured_media":0,"comment_status":"closed","ping_status":"open","sticky":false,"template":"","format":"standard","meta":{"_acf_changed":false,"iawp_total_views":0,"footnotes":""},"categories":[116],"tags":[140],"class_list":["post-77751","post","type-post","status-publish","format-standard","hentry","category-progepe","tag-averbacao-desaverbacao"],"acf":[],"_links":{"self":[{"href":"https:\/\/progepe.ufpr.br\/portarias\/wp-json\/wp\/v2\/posts\/77751","targetHints":{"allow":["GET"]}}],"collection":[{"href":"https:\/\/progepe.ufpr.br\/portarias\/wp-json\/wp\/v2\/posts"}],"about":[{"href":"https:\/\/progepe.ufpr.br\/portarias\/wp-json\/wp\/v2\/types\/post"}],"author":[{"embeddable":true,"href":"https:\/\/progepe.ufpr.br\/portarias\/wp-json\/wp\/v2\/users\/41"}],"replies":[{"embeddable":true,"href":"https:\/\/progepe.ufpr.br\/portarias\/wp-json\/wp\/v2\/comments?post=77751"}],"version-history":[{"count":1,"href":"https:\/\/progepe.ufpr.br\/portarias\/wp-json\/wp\/v2\/posts\/77751\/revisions"}],"predecessor-version":[{"id":132700,"href":"https:\/\/progepe.ufpr.br\/portarias\/wp-json\/wp\/v2\/posts\/77751\/revisions\/132700"}],"wp:attachment":[{"href":"https:\/\/progepe.ufpr.br\/portarias\/wp-json\/wp\/v2\/media?parent=77751"}],"wp:term":[{"taxonomy":"category","embeddable":true,"href":"https:\/\/progepe.ufpr.br\/portarias\/wp-json\/wp\/v2\/categories?post=77751"},{"taxonomy":"post_tag","embeddable":true,"href":"https:\/\/progepe.ufpr.br\/portarias\/wp-json\/wp\/v2\/tags?post=77751"}],"curies":[{"name":"wp","href":"https:\/\/api.w.org\/{rel}","templated":true}]}}