{"id":77804,"date":"2018-12-13T10:28:00","date_gmt":"2018-12-13T12:28:00","guid":{"rendered":"http:\/\/progepe.ufpr.br\/portarias\/progepe-2018-05963\/"},"modified":"2023-08-03T12:41:46","modified_gmt":"2023-08-03T15:41:46","slug":"progepe-2018-05963","status":"publish","type":"post","link":"https:\/\/progepe.ufpr.br\/portarias\/progepe-2018-05963\/","title":{"rendered":"PORTARIA N\u00ba 05963\/PROGEPE, DE 13 DE DEZEMBRO DE 2018"},"content":{"rendered":"\n<p>O Pr\u00f3-Reitor de Gest\u00e3o de Pessoas da Universidade Federal do Paran\u00e1, no uso de suas atribui\u00e7\u00f5es, tendo em vista a compet\u00eancia que lhe \u00e9 conferida pela Portaria n\u00ba 2.590, de 26 de setembro de 1997; o que consta no Art. 100 e 103 da Lei n\u00ba 8.112\/90 e ainda o contido no processo n\u00ba 23075.070848\/2018-65,<\/p>\n\n\n<p><strong>RESOLVE:<\/strong><\/p>\n\n\n<p>Averbar, a partir de 27 de novembro de 2018, em favor da servidora RAQUEL ANGELA SPECK &#8211; 2141481, ocupante do cargo de Professora do Magist\u00e9rio Superior, lotada no Departamento de Sociais e Humanas do Setor Palotina, o tempo de servi\u00e7o abaixo listado, para fins de: Aposentadoria e disponibilidade: EMPRESA PER\u00cdODO TOTAL DE DIAS FUNDA\u00c7\u00c3O EDUCACIONAL DE MARECHAL C.<\/p><p> RONDON 01\/06\/1999 A 20\/12\/1999 203 FUNDA\u00c7\u00c3O EDUCACIONAL DE MARECHAL C.<\/p><p> RONDON 01\/03\/2001 A 20\/12\/2002 660 MUNIC\u00cdPIO DE MARECHAL CANDIDO RONDON 07\/06\/2004 A 31\/07\/2006 785 UNIVERSIDADE ESTADUAL DO OESTE DO PARANA 01\/08\/2006 A 31\/12\/2006 153 ASSOC DO INSTITUTO VOCACIONAL E ASSIST RUI BARBOSA 01\/01\/2007 A 03\/03\/2010 1158 CONTRIBUINTE INDIVIDUAL 01\/05\/2010 A 30\/06\/2011 376 CONTRIBUINTE INDIVIDUAL 01\/10\/2011 A 31\/12\/2011 92<\/p>\n\n\n<div style=\"height:15px\" aria-hidden=\"true\" class=\"wp-block-spacer\"><\/div>\n\n\n<div class=\"wp-block-buttons is-content-justification-right is-layout-flex wp-container-core-buttons-is-layout-1 wp-block-buttons-is-layout-flex\">\n<div class=\"wp-block-button has-custom-font-size is-style-outline has-small-font-size is-style-outline--1\"><a class=\"wp-block-button__link\" href=\"https:\/\/progepe.ufpr.br\/portarias\/wp-content\/uploads\/pcp\/PROGEPE\/2018\/5963PR.pdf\" style=\"border-radius:0px\" target=\"_blank\" rel=\"noreferrer noopener\">Acesse o arquivo da portaria<\/a><\/div><\/div>\n","protected":false},"excerpt":{"rendered":"<p>Averbar, a partir de 27 de novembro de 2018, em favor da servidora RAQUEL ANGELA SPECK &#8211; 2141481, ocupante do cargo de Professora do Magist\u00e9rio Superior, lotada no Departamento de Sociais e Humanas do Setor Palotina, o tempo de servi\u00e7o abaixo listado, para fins de: Aposentadoria e disponibilidade: EMPRESA PER\u00cdODO TOTAL DE DIAS FUNDA\u00c7\u00c3O EDUCACIONAL DE MARECHAL C. RONDON 01\/06\/1999 A 20\/12\/1999 203 FUNDA\u00c7\u00c3O EDUCACIONAL DE MARECHAL C. RONDON 01\/03\/2001 A 20\/12\/2002 660 MUNIC\u00cdPIO DE MARECHAL CANDIDO RONDON 07\/06\/2004 A 31\/07\/2006 785 UNIVERSIDADE ESTADUAL DO OESTE DO PARANA 01\/08\/2006 A 31\/12\/2006 153 ASSOC DO INSTITUTO VOCACIONAL E ASSIST<\/p>\n","protected":false},"author":41,"featured_media":0,"comment_status":"closed","ping_status":"open","sticky":false,"template":"","format":"standard","meta":{"_acf_changed":false,"iawp_total_views":0,"footnotes":""},"categories":[116],"tags":[140],"class_list":["post-77804","post","type-post","status-publish","format-standard","hentry","category-progepe","tag-averbacao-desaverbacao"],"acf":[],"_links":{"self":[{"href":"https:\/\/progepe.ufpr.br\/portarias\/wp-json\/wp\/v2\/posts\/77804","targetHints":{"allow":["GET"]}}],"collection":[{"href":"https:\/\/progepe.ufpr.br\/portarias\/wp-json\/wp\/v2\/posts"}],"about":[{"href":"https:\/\/progepe.ufpr.br\/portarias\/wp-json\/wp\/v2\/types\/post"}],"author":[{"embeddable":true,"href":"https:\/\/progepe.ufpr.br\/portarias\/wp-json\/wp\/v2\/users\/41"}],"replies":[{"embeddable":true,"href":"https:\/\/progepe.ufpr.br\/portarias\/wp-json\/wp\/v2\/comments?post=77804"}],"version-history":[{"count":1,"href":"https:\/\/progepe.ufpr.br\/portarias\/wp-json\/wp\/v2\/posts\/77804\/revisions"}],"predecessor-version":[{"id":132753,"href":"https:\/\/progepe.ufpr.br\/portarias\/wp-json\/wp\/v2\/posts\/77804\/revisions\/132753"}],"wp:attachment":[{"href":"https:\/\/progepe.ufpr.br\/portarias\/wp-json\/wp\/v2\/media?parent=77804"}],"wp:term":[{"taxonomy":"category","embeddable":true,"href":"https:\/\/progepe.ufpr.br\/portarias\/wp-json\/wp\/v2\/categories?post=77804"},{"taxonomy":"post_tag","embeddable":true,"href":"https:\/\/progepe.ufpr.br\/portarias\/wp-json\/wp\/v2\/tags?post=77804"}],"curies":[{"name":"wp","href":"https:\/\/api.w.org\/{rel}","templated":true}]}}