{"id":78061,"date":"2018-06-15T10:05:00","date_gmt":"2018-06-15T13:05:00","guid":{"rendered":"http:\/\/progepe.ufpr.br\/portarias\/progepe-2018-02823\/"},"modified":"2023-08-03T12:35:39","modified_gmt":"2023-08-03T15:35:39","slug":"progepe-2018-02823","status":"publish","type":"post","link":"https:\/\/progepe.ufpr.br\/portarias\/progepe-2018-02823\/","title":{"rendered":"PORTARIA N\u00ba 02823\/PROGEPE, DE 15 DE JUNHO DE 2018"},"content":{"rendered":"\n<p style=\"padding-left:42%\">O Pr\u00f3-Reitor de Gest\u00e3o de Pessoas da Universidade Federal do Paran\u00e1, no uso de suas atribui\u00e7\u00f5es, tendo em vista a compet\u00eancia que lhe \u00e9 conferida pela Portaria n\u00ba 2.590, de 26 de setembro de 1997, considerando o que consta nas Leis n\u00ba 8.745\/93 e 9.849\/99 e ainda o contido no processo n\u00ba 23075.02910\/2018-28,<\/p>\n\n\n\n<p style=\"padding-left:42%\"><strong>RESOLVE:<\/strong><\/p>\n\n\n\n<p>Autorizar, a partir de 01 de julho de 2018 at\u00e9 31 de dezembro de 2018, a prorroga\u00e7\u00e3o do contrato de ALEXANDRE FRANCA SALOMAO &#8211; 2192632, como Professor Substituto, com sal\u00e1rio correspondente \u00e0 classe A, Adjunto A, em regime de trabalho de 40 (quarenta) horas semanais, para o Departamento de Teoria e Pr\u00e1tica de Ensino do Setor de Educa\u00e7\u00e3o.<\/p>\n","protected":false},"excerpt":{"rendered":"<p>Autorizar, a partir de 01 de julho de 2018 at\u00e9 31 de dezembro de 2018, a prorroga\u00e7\u00e3o do contrato de ALEXANDRE FRANCA SALOMAO &#8211; 2192632, como Professor Substituto, com sal\u00e1rio correspondente \u00e0 classe A, Adjunto A, em regime de trabalho de 40 (quarenta) horas semanais, para o Departamento de Teoria e Pr\u00e1tica de Ensino do Setor de Educa\u00e7\u00e3o.<\/p>\n","protected":false},"author":41,"featured_media":0,"comment_status":"closed","ping_status":"open","sticky":false,"template":"","format":"standard","meta":{"_acf_changed":false,"iawp_total_views":0,"footnotes":""},"categories":[116],"tags":[141],"class_list":["post-78061","post","type-post","status-publish","format-standard","hentry","category-progepe","tag-contratacao"],"acf":[],"_links":{"self":[{"href":"https:\/\/progepe.ufpr.br\/portarias\/wp-json\/wp\/v2\/posts\/78061","targetHints":{"allow":["GET"]}}],"collection":[{"href":"https:\/\/progepe.ufpr.br\/portarias\/wp-json\/wp\/v2\/posts"}],"about":[{"href":"https:\/\/progepe.ufpr.br\/portarias\/wp-json\/wp\/v2\/types\/post"}],"author":[{"embeddable":true,"href":"https:\/\/progepe.ufpr.br\/portarias\/wp-json\/wp\/v2\/users\/41"}],"replies":[{"embeddable":true,"href":"https:\/\/progepe.ufpr.br\/portarias\/wp-json\/wp\/v2\/comments?post=78061"}],"version-history":[{"count":5,"href":"https:\/\/progepe.ufpr.br\/portarias\/wp-json\/wp\/v2\/posts\/78061\/revisions"}],"predecessor-version":[{"id":169015,"href":"https:\/\/progepe.ufpr.br\/portarias\/wp-json\/wp\/v2\/posts\/78061\/revisions\/169015"}],"wp:attachment":[{"href":"https:\/\/progepe.ufpr.br\/portarias\/wp-json\/wp\/v2\/media?parent=78061"}],"wp:term":[{"taxonomy":"category","embeddable":true,"href":"https:\/\/progepe.ufpr.br\/portarias\/wp-json\/wp\/v2\/categories?post=78061"},{"taxonomy":"post_tag","embeddable":true,"href":"https:\/\/progepe.ufpr.br\/portarias\/wp-json\/wp\/v2\/tags?post=78061"}],"curies":[{"name":"wp","href":"https:\/\/api.w.org\/{rel}","templated":true}]}}