{"id":78366,"date":"2018-12-20T10:01:00","date_gmt":"2018-12-20T12:01:00","guid":{"rendered":"http:\/\/progepe.ufpr.br\/portarias\/progepe-2018-06087\/"},"modified":"2023-08-03T12:42:01","modified_gmt":"2023-08-03T15:42:01","slug":"progepe-2018-06087","status":"publish","type":"post","link":"https:\/\/progepe.ufpr.br\/portarias\/progepe-2018-06087\/","title":{"rendered":"PORTARIA N\u00ba 06087\/PROGEPE, DE 20 DE DEZEMBRO DE 2018"},"content":{"rendered":"\n<p>O Pr\u00f3-Reitor de Gest\u00e3o de Pessoas da Universidade Federal do Paran\u00e1, no uso de suas atribui\u00e7\u00f5es, tendo em vista a compet\u00eancia que lhe \u00e9 conferida pela Portaria n\u00ba 2.590, de 26 de setembro de 1997, considerando o que consta nas Leis n\u00ba 8.745\/93 e 9.849\/99, tendo em vista a exist\u00eancia de dota\u00e7\u00e3o espec\u00edfica e ainda o contido no processo n\u00ba 23075.041563\/2018-17,<\/p>\n\n\n<p><strong>RESOLVE:<\/strong><\/p>\n\n\n<p>I. Autorizar a contrata\u00e7\u00e3o de S\u00cdRIO POSSENTI, como Professor Visitante, com sal\u00e1rio correspondente \u00e0 classe E, Titular, n\u00edvel I, no regime de trabalho de dedica\u00e7\u00e3o exclusiva, por um per\u00edodo de 30 (trinta) dias, de 22.01.2019 a 20\/02\/2019, a partir da assinatura do contrato, para a Coordena\u00e7\u00e3o do Programa de P\u00f3s-Gradua\u00e7\u00e3o em Letras do Setor de Ci\u00eancias Humanas.<\/p><p> II. Conceder retribui\u00e7\u00e3o por titula\u00e7\u00e3o, com efeitos financeiros no per\u00edodo da vig\u00eancia do contrato, de acordo com o Art. 17, da Lei n\u00ba 12.772\/12, tendo em vista possuir Doutor ou Livre Docente.<\/p><p><\/p>\n\n\n<div style=\"height:15px\" aria-hidden=\"true\" class=\"wp-block-spacer\"><\/div>\n\n\n<div class=\"wp-block-buttons is-content-justification-right is-layout-flex wp-container-core-buttons-is-layout-1 wp-block-buttons-is-layout-flex\">\n<div class=\"wp-block-button has-custom-font-size is-style-outline has-small-font-size is-style-outline--1\"><a class=\"wp-block-button__link\" href=\"https:\/\/progepe.ufpr.br\/portarias\/wp-content\/uploads\/pcp\/PROGEPE\/2018\/6087PR.pdf\" style=\"border-radius:0px\" target=\"_blank\" rel=\"noreferrer noopener\">Acesse o arquivo da portaria<\/a><\/div><\/div>\n","protected":false},"excerpt":{"rendered":"<p>I. Autorizar a contrata\u00e7\u00e3o de S\u00cdRIO POSSENTI, como Professor Visitante, com sal\u00e1rio correspondente \u00e0 classe E, Titular, n\u00edvel I, no regime de trabalho de dedica\u00e7\u00e3o exclusiva, por um per\u00edodo de 30 (trinta) dias, de 22.01.2019 a 20\/02\/2019, a partir da assinatura do contrato, para a Coordena\u00e7\u00e3o do Programa de P\u00f3s-Gradua\u00e7\u00e3o em Letras do Setor de Ci\u00eancias Humanas. II. Conceder retribui\u00e7\u00e3o por titula\u00e7\u00e3o, com efeitos financeiros no per\u00edodo da vig\u00eancia do contrato, de acordo com o Art. 17, da Lei n\u00ba 12.772\/12, tendo em vista possuir Doutor ou Livre Docente.  {&#8220;height&#8221;:&#8221;15px&#8221;} <\/p>\n<div style=\"height:15px\" aria-hidden=\"true\" class=\"wp-block-spacer\"> <!-- \/wp:spacer\n<\/p>\n","protected":false},"author":41,"featured_media":0,"comment_status":"closed","ping_status":"open","sticky":false,"template":"","format":"standard","meta":{"_acf_changed":false,"iawp_total_views":0,"footnotes":""},"categories":[116],"tags":[141],"class_list":["post-78366","post","type-post","status-publish","format-standard","hentry","category-progepe","tag-contratacao"],"acf":[],"_links":{"self":[{"href":"https:\/\/progepe.ufpr.br\/portarias\/wp-json\/wp\/v2\/posts\/78366","targetHints":{"allow":["GET"]}}],"collection":[{"href":"https:\/\/progepe.ufpr.br\/portarias\/wp-json\/wp\/v2\/posts"}],"about":[{"href":"https:\/\/progepe.ufpr.br\/portarias\/wp-json\/wp\/v2\/types\/post"}],"author":[{"embeddable":true,"href":"https:\/\/progepe.ufpr.br\/portarias\/wp-json\/wp\/v2\/users\/41"}],"replies":[{"embeddable":true,"href":"https:\/\/progepe.ufpr.br\/portarias\/wp-json\/wp\/v2\/comments?post=78366"}],"version-history":[{"count":1,"href":"https:\/\/progepe.ufpr.br\/portarias\/wp-json\/wp\/v2\/posts\/78366\/revisions"}],"predecessor-version":[{"id":133315,"href":"https:\/\/progepe.ufpr.br\/portarias\/wp-json\/wp\/v2\/posts\/78366\/revisions\/133315"}],"wp:attachment":[{"href":"https:\/\/progepe.ufpr.br\/portarias\/wp-json\/wp\/v2\/media?parent=78366"}],"wp:term":[{"taxonomy":"category","embeddable":true,"href":"https:\/\/progepe.ufpr.br\/portarias\/wp-json\/wp\/v2\/categories?post=78366"},{"taxonomy":"post_tag","embeddable":true,"href":"https:\/\/progepe.ufpr.br\/portarias\/wp-json\/wp\/v2\/tags?post=78366"}],"curies":[{"name":"wp","href":"https:\/\/api.w.org\/{rel}","templated":true}]}}