{"id":7919,"date":"2019-09-18T10:25:00","date_gmt":"2019-09-18T13:25:00","guid":{"rendered":"http:\/\/progepe.ufpr.br\/portal\/?post_type=portarias&#038;p=7919"},"modified":"2023-08-03T12:49:47","modified_gmt":"2023-08-03T15:49:47","slug":"progepe-2019-03877","status":"publish","type":"post","link":"https:\/\/progepe.ufpr.br\/portarias\/progepe-2019-03877\/","title":{"rendered":"PORTARIA N\u00ba 03877\/PROGEPE, DE 18 DE SETEMBRO DE 2019"},"content":{"rendered":"\n<div class=\"wp-block-columns is-not-stacked-on-mobile is-layout-flex wp-container-core-columns-is-layout-1 wp-block-columns-is-layout-flex\">\n<div class=\"wp-block-column is-layout-flow wp-block-column-is-layout-flow\" style=\"flex-basis:33.33%\"><\/div>\n\n\n\n<div class=\"wp-block-column is-layout-flow wp-block-column-is-layout-flow\" style=\"flex-basis:66.66%\"><\/div>\n<\/div>\n\n\n\n<p><strong>O Pr\u00f3-Reitor de Gest\u00e3o de Pessoas da Universidade Federal do Paran\u00e1<\/strong>, no uso de suas atribui\u00e7\u00f5es, tendo em vista a compet\u00eancia que lhe \u00e9 conferida pela Portaria n\u00ba 2.590, de 26 de setembro de 1997 e considerando o que consta no processo n\u00ba 23075.045867\/2018-53,<\/p>\n\n\n\n<p><strong>RESOLVE:<\/strong><\/p>\n\n\n\n<p>Designar o servidor <strong>ALEX SEBASTI\u00c3O CONSTANCIO &#8211; 2162214<\/strong>, Analista de Tecnologia da Informa\u00e7\u00e3o, lotado na Unidade de Microinform\u00e1tica do Centro de Computa\u00e7\u00e3o Eletr\u00f4nica\/PRA, para substituir o servidor <strong>EDUARDO DIMAS ANDRINO NOGUEIRA &#8211; 1827885<\/strong>, no grupo de trabalho designado pela Portaria n\u00ba 4.121\/PROGEPE, de 11 de setembro de 2018, constitu\u00eddo com a finalidade de elaborar regulamenta\u00e7\u00e3o complementar \u00e0 Portaria n\u00ba 1.854\/REITORIA, de 26 de junho de 2015 e para elaborar manual para dirimir d\u00favidas normativas e tutorial para capacitar servidores no uso do Sistema Eletr\u00f4nico de Frequ\u00eancia.<\/p>\n","protected":false},"excerpt":{"rendered":"<p>Designar o servidor <strong>ALEX SEBASTI\u00c3O CONSTANCIO &#8211; 2162214<\/strong>, Analista de Tecnologia da Informa\u00e7\u00e3o, lotado na Unidade de Microinform\u00e1tica do Centro de Computa\u00e7\u00e3o Eletr\u00f4nica\/PRA, para substituir o servidor <strong>EDUARDO DIMAS ANDRINO NOGUEIRA &#8211; 1827885<\/strong>, no grupo de trabalho designado pela Portaria n\u00ba 4.121\/PROGEPE, de 11 de setembro de 2018, constitu\u00eddo com a finalidade de elaborar regulamenta\u00e7\u00e3o complementar \u00e0 Portaria n\u00ba 1.854\/REITORIA, de 26 de junho de 2015 e para elaborar manual para dirimir d\u00favidas normativas e tutorial para capacitar servidores no uso do Sistema Eletr\u00f4nico de Frequ\u00eancia.<\/p>\n","protected":false},"author":41,"featured_media":0,"comment_status":"closed","ping_status":"open","sticky":false,"template":"","format":"standard","meta":{"_acf_changed":false,"iawp_total_views":8,"footnotes":""},"categories":[116],"tags":[119],"class_list":["post-7919","post","type-post","status-publish","format-standard","hentry","category-progepe","tag-diversos"],"acf":[],"_links":{"self":[{"href":"https:\/\/progepe.ufpr.br\/portarias\/wp-json\/wp\/v2\/posts\/7919","targetHints":{"allow":["GET"]}}],"collection":[{"href":"https:\/\/progepe.ufpr.br\/portarias\/wp-json\/wp\/v2\/posts"}],"about":[{"href":"https:\/\/progepe.ufpr.br\/portarias\/wp-json\/wp\/v2\/types\/post"}],"author":[{"embeddable":true,"href":"https:\/\/progepe.ufpr.br\/portarias\/wp-json\/wp\/v2\/users\/41"}],"replies":[{"embeddable":true,"href":"https:\/\/progepe.ufpr.br\/portarias\/wp-json\/wp\/v2\/comments?post=7919"}],"version-history":[{"count":8,"href":"https:\/\/progepe.ufpr.br\/portarias\/wp-json\/wp\/v2\/posts\/7919\/revisions"}],"predecessor-version":[{"id":124802,"href":"https:\/\/progepe.ufpr.br\/portarias\/wp-json\/wp\/v2\/posts\/7919\/revisions\/124802"}],"wp:attachment":[{"href":"https:\/\/progepe.ufpr.br\/portarias\/wp-json\/wp\/v2\/media?parent=7919"}],"wp:term":[{"taxonomy":"category","embeddable":true,"href":"https:\/\/progepe.ufpr.br\/portarias\/wp-json\/wp\/v2\/categories?post=7919"},{"taxonomy":"post_tag","embeddable":true,"href":"https:\/\/progepe.ufpr.br\/portarias\/wp-json\/wp\/v2\/tags?post=7919"}],"curies":[{"name":"wp","href":"https:\/\/api.w.org\/{rel}","templated":true}]}}