{"id":79193,"date":"2018-12-10T10:13:00","date_gmt":"2018-12-10T12:13:00","guid":{"rendered":"http:\/\/progepe.ufpr.br\/portarias\/progepe-2018-05874\/"},"modified":"2023-08-03T12:41:35","modified_gmt":"2023-08-03T15:41:35","slug":"progepe-2018-05874","status":"publish","type":"post","link":"https:\/\/progepe.ufpr.br\/portarias\/progepe-2018-05874\/","title":{"rendered":"PORTARIA N\u00ba 05874\/PROGEPE, DE 10 DE DEZEMBRO DE 2018"},"content":{"rendered":"\n<p>O Pr\u00f3-Reitor de Gest\u00e3o de Pessoas da Universidade Federal do Paran\u00e1, no uso de suas atribui\u00e7\u00f5es, tendo em vista a compet\u00eancia que lhe \u00e9 conferida pela Portaria n\u00ba 2.590, de 26 de setembro de 1 9 9 7 e considerando o que consta no processo n\u00ba 23075.049563\/2018-65,<\/p>\n\n\n<p><strong>RESOLVE:<\/strong><\/p>\n\n\n<p>I. Convalidar, a partir de 03 de julho de 2018, tendo em vista o que consta na Portaria n\u00ba 3.570\/PROGEPE, de 07 de agosto de 2018; o que consta no Art. 98 \u00a7 3\u00ba da Lei n\u00ba 8.112\/90; e, o contido no Laudo M\u00e9dico Pericial n\u00ba 0.198.083\/2018, a manuten\u00e7\u00e3o do hor\u00e1rio especial para servidor com familiar\/dependente portador de defici\u00eancia, definido em horas di\u00e1rias de trabalho (6h\/dia) sem compensa\u00e7\u00e3o, para o servidor CARLOS ALBERTO MOREIRA ROBALLO  &#8211; 342793, ocupante do cargo de Assistente em Administra\u00e7\u00e3o, lotado na Coordena\u00e7\u00e3o Administrativa do Setor de Educa\u00e7\u00e3o Profissional e Tecnol\u00f3gica, com data prevista para reavalia\u00e7\u00e3o em 25 de outubro de 2020.<\/p><p> II. Fica sob a responsabilidade da Chefia imediata o cumprimento da jornada de trabalho do citado servidor.<\/p><p><\/p>\n\n\n<div style=\"height:15px\" aria-hidden=\"true\" class=\"wp-block-spacer\"><\/div>\n\n\n<div class=\"wp-block-buttons is-content-justification-right is-layout-flex wp-container-core-buttons-is-layout-1 wp-block-buttons-is-layout-flex\">\n<div class=\"wp-block-button has-custom-font-size is-style-outline has-small-font-size is-style-outline--1\"><a class=\"wp-block-button__link\" href=\"https:\/\/progepe.ufpr.br\/portarias\/wp-content\/uploads\/pcp\/PROGEPE\/2018\/5874PR.pdf\" style=\"border-radius:0px\" target=\"_blank\" rel=\"noreferrer noopener\">Acesse o arquivo da portaria<\/a><\/div><\/div>\n","protected":false},"excerpt":{"rendered":"<p>I. Convalidar, a partir de 03 de julho de 2018, tendo em vista o que consta na Portaria n\u00ba 3.570\/PROGEPE, de 07 de agosto de 2018; o que consta no Art. 98 \u00a7 3\u00ba da Lei n\u00ba 8.112\/90; e, o contido no Laudo M\u00e9dico Pericial n\u00ba 0.198.083\/2018, a manuten\u00e7\u00e3o do hor\u00e1rio especial para servidor com familiar\/dependente portador de defici\u00eancia, definido em horas di\u00e1rias de trabalho (6h\/dia) sem compensa\u00e7\u00e3o, para o servidor CARLOS ALBERTO MOREIRA ROBALLO &#8211; 342793, ocupante do cargo de Assistente em Administra\u00e7\u00e3o, lotado na Coordena\u00e7\u00e3o Administrativa do Setor de Educa\u00e7\u00e3o Profissional e Tecnol\u00f3gica, com data prevista<\/p>\n","protected":false},"author":41,"featured_media":0,"comment_status":"closed","ping_status":"open","sticky":false,"template":"","format":"standard","meta":{"_acf_changed":false,"iawp_total_views":1,"footnotes":""},"categories":[116],"tags":[137],"class_list":["post-79193","post","type-post","status-publish","format-standard","hentry","category-progepe","tag-horario-especial"],"acf":[],"_links":{"self":[{"href":"https:\/\/progepe.ufpr.br\/portarias\/wp-json\/wp\/v2\/posts\/79193","targetHints":{"allow":["GET"]}}],"collection":[{"href":"https:\/\/progepe.ufpr.br\/portarias\/wp-json\/wp\/v2\/posts"}],"about":[{"href":"https:\/\/progepe.ufpr.br\/portarias\/wp-json\/wp\/v2\/types\/post"}],"author":[{"embeddable":true,"href":"https:\/\/progepe.ufpr.br\/portarias\/wp-json\/wp\/v2\/users\/41"}],"replies":[{"embeddable":true,"href":"https:\/\/progepe.ufpr.br\/portarias\/wp-json\/wp\/v2\/comments?post=79193"}],"version-history":[{"count":1,"href":"https:\/\/progepe.ufpr.br\/portarias\/wp-json\/wp\/v2\/posts\/79193\/revisions"}],"predecessor-version":[{"id":134138,"href":"https:\/\/progepe.ufpr.br\/portarias\/wp-json\/wp\/v2\/posts\/79193\/revisions\/134138"}],"wp:attachment":[{"href":"https:\/\/progepe.ufpr.br\/portarias\/wp-json\/wp\/v2\/media?parent=79193"}],"wp:term":[{"taxonomy":"category","embeddable":true,"href":"https:\/\/progepe.ufpr.br\/portarias\/wp-json\/wp\/v2\/categories?post=79193"},{"taxonomy":"post_tag","embeddable":true,"href":"https:\/\/progepe.ufpr.br\/portarias\/wp-json\/wp\/v2\/tags?post=79193"}],"curies":[{"name":"wp","href":"https:\/\/api.w.org\/{rel}","templated":true}]}}