{"id":80013,"date":"2018-01-22T10:11:00","date_gmt":"2018-01-22T12:11:00","guid":{"rendered":"http:\/\/progepe.ufpr.br\/portarias\/progepe-2018-00339\/"},"modified":"2023-08-03T12:30:54","modified_gmt":"2023-08-03T15:30:54","slug":"progepe-2018-00339","status":"publish","type":"post","link":"https:\/\/progepe.ufpr.br\/portarias\/progepe-2018-00339\/","title":{"rendered":"PORTARIA N\u00ba 00339\/PROGEPE, DE 22 DE JANEIRO DE 2018"},"content":{"rendered":"\n<p>O Pr\u00f3-Reitor de Gest\u00e3o de Pessoas da Universidade Federal do Paran\u00e1, no uso de suas atribui\u00e7\u00f5es, tendo em vista a compet\u00eancia que lhe \u00e9 conferida pela Portaria n\u00ba 2.590, de 26 de setembro de 1997 e considerando o contido no processo n\u00ba 23075.220910\/2017-95,<\/p>\n\n\n<p><strong>RESOLVE:<\/strong><\/p>\n\n\n<p>Conceder benef\u00edcio de pens\u00e3o, a partir de 29 de outubro de 2017, data do falecimento de ELIAS DA CRUZ BITTENCOURT &#8211; 1745719, nos termos dos nos termos do Artigo 215 e 217, inciso IV, al\u00ednea a da Lei n.\u00ba 8.112\/90, com altera\u00e7\u00f5es dadas pela Lei n.\u00ba 13.135\/15, \u00e0 filha VICTORIA ELLISA HENNING BITTENCOURT, calculado com base nos proventos percebidos pelo ex-servidor, na categoria funcional de Assistente em Administra\u00e7\u00e3o, n\u00edvel de classifica\u00e7\u00e3o D, n\u00edvel de capacita\u00e7\u00e3o 4, padr\u00e3o de vencimento 06, em regime de trabalho de 40 (quarenta) horas semanais, na forma preceituada no \u00a7 7\u00ba e \u00a7 18, do Art. 40 da E.C. 41\/03, c\/c Art. 2\u00ba da Lei n.\u00ba 10.887\/04.<\/p><p><\/p>\n\n\n<div style=\"height:15px\" aria-hidden=\"true\" class=\"wp-block-spacer\"><\/div>\n\n\n<div class=\"wp-block-buttons is-content-justification-right is-layout-flex wp-container-core-buttons-is-layout-1 wp-block-buttons-is-layout-flex\">\n<div class=\"wp-block-button has-custom-font-size is-style-outline has-small-font-size is-style-outline--1\"><a class=\"wp-block-button__link\" href=\"https:\/\/progepe.ufpr.br\/portarias\/wp-content\/uploads\/pcp\/PROGEPE\/2018\/339PR.pdf\" style=\"border-radius:0px\" target=\"_blank\" rel=\"noreferrer noopener\">Acesse o arquivo da portaria<\/a><\/div><\/div>\n","protected":false},"excerpt":{"rendered":"<p>Conceder benef\u00edcio de pens\u00e3o, a partir de 29 de outubro de 2017, data do falecimento de ELIAS DA CRUZ BITTENCOURT &#8211; 1745719, nos termos dos nos termos do Artigo 215 e 217, inciso IV, al\u00ednea a da Lei n.\u00ba 8.112\/90, com altera\u00e7\u00f5es dadas pela Lei n.\u00ba 13.135\/15, \u00e0 filha VICTORIA ELLISA HENNING BITTENCOURT, calculado com base nos proventos percebidos pelo ex-servidor, na categoria funcional de Assistente em Administra\u00e7\u00e3o, n\u00edvel de classifica\u00e7\u00e3o D, n\u00edvel de capacita\u00e7\u00e3o 4, padr\u00e3o de vencimento 06, em regime de trabalho de 40 (quarenta) horas semanais, na forma preceituada no \u00a7 7\u00ba e \u00a7 18,<\/p>\n","protected":false},"author":41,"featured_media":0,"comment_status":"closed","ping_status":"open","sticky":false,"template":"","format":"standard","meta":{"_acf_changed":false,"iawp_total_views":0,"footnotes":""},"categories":[116],"tags":[145],"class_list":["post-80013","post","type-post","status-publish","format-standard","hentry","category-progepe","tag-pensao"],"acf":[],"_links":{"self":[{"href":"https:\/\/progepe.ufpr.br\/portarias\/wp-json\/wp\/v2\/posts\/80013","targetHints":{"allow":["GET"]}}],"collection":[{"href":"https:\/\/progepe.ufpr.br\/portarias\/wp-json\/wp\/v2\/posts"}],"about":[{"href":"https:\/\/progepe.ufpr.br\/portarias\/wp-json\/wp\/v2\/types\/post"}],"author":[{"embeddable":true,"href":"https:\/\/progepe.ufpr.br\/portarias\/wp-json\/wp\/v2\/users\/41"}],"replies":[{"embeddable":true,"href":"https:\/\/progepe.ufpr.br\/portarias\/wp-json\/wp\/v2\/comments?post=80013"}],"version-history":[{"count":1,"href":"https:\/\/progepe.ufpr.br\/portarias\/wp-json\/wp\/v2\/posts\/80013\/revisions"}],"predecessor-version":[{"id":134956,"href":"https:\/\/progepe.ufpr.br\/portarias\/wp-json\/wp\/v2\/posts\/80013\/revisions\/134956"}],"wp:attachment":[{"href":"https:\/\/progepe.ufpr.br\/portarias\/wp-json\/wp\/v2\/media?parent=80013"}],"wp:term":[{"taxonomy":"category","embeddable":true,"href":"https:\/\/progepe.ufpr.br\/portarias\/wp-json\/wp\/v2\/categories?post=80013"},{"taxonomy":"post_tag","embeddable":true,"href":"https:\/\/progepe.ufpr.br\/portarias\/wp-json\/wp\/v2\/tags?post=80013"}],"curies":[{"name":"wp","href":"https:\/\/api.w.org\/{rel}","templated":true}]}}