{"id":80041,"date":"2018-03-07T10:08:00","date_gmt":"2018-03-07T13:08:00","guid":{"rendered":"http:\/\/progepe.ufpr.br\/portarias\/progepe-2018-00963\/"},"modified":"2023-08-03T12:32:06","modified_gmt":"2023-08-03T15:32:06","slug":"progepe-2018-00963","status":"publish","type":"post","link":"https:\/\/progepe.ufpr.br\/portarias\/progepe-2018-00963\/","title":{"rendered":"PORTARIA N\u00ba 00963\/PROGEPE, DE 07 DE MAR\u00c7O DE 2018"},"content":{"rendered":"\n<p>O Pr\u00f3-Reitor de Gest\u00e3o de Pessoas da Universidade Federal do Paran\u00e1, no uso de suas atribui\u00e7\u00f5es, tendo em vista a compet\u00eancia que lhe \u00e9 conferida pela Portaria n\u00ba 2.590, de 26 de setembro de 1997 e considerando o contido no processo n\u00ba 23075.002074\/2018-40,<\/p>\n\n\n<p><strong>RESOLVE:<\/strong><\/p>\n\n\n<p>Conceder benef\u00edcio de pens\u00e3o, a partir de 17 de maio de 2010, data do falecimento de LUSO MARIO SILVEIRA, matr\u00edcula n\u00ba 0339006, nos termos da Lei n.\u00ba 8112, de 11.12.90 (com reda\u00e7\u00e3o vigente \u00e0 \u00e9poca), dos Artigos 215 e 217, inciso I, letra a \u00e0 c\u00f4njuge NOEMI FARAH RIBEIRO SILVEIRA, dos Artigos 215 e 217, inciso I, letra b \u00e0 c\u00f4njuge divorciada THEREZINHA MARINS DE SOUZA e dos Artigos 215 e 217, inciso II, letra a ao filho RAFAEL RIBEIRO SILVEIRA, calculado com base nos proventos percebidos pelo ex-servidor, na categoria funcional de Farmac\u00eautico, em regime de trabalho de 40 (quarenta) horas semanais, n\u00edvel de classifica\u00e7\u00e3o E, n\u00edvel de capacita\u00e7\u00e3o I e padr\u00e3o de vencimento 16, na forma preceituada no \u00a7 7\u00ba e \u00a7 18, do Art. 40 da E.C. 41\/03, c\/c Art. 2\u00ba da Lei n.\u00ba 10.887\/2004.<\/p><p><\/p>\n\n\n<div style=\"height:15px\" aria-hidden=\"true\" class=\"wp-block-spacer\"><\/div>\n\n\n<div class=\"wp-block-buttons is-content-justification-right is-layout-flex wp-container-core-buttons-is-layout-1 wp-block-buttons-is-layout-flex\">\n<div class=\"wp-block-button has-custom-font-size is-style-outline has-small-font-size is-style-outline--1\"><a class=\"wp-block-button__link\" href=\"https:\/\/progepe.ufpr.br\/portarias\/wp-content\/uploads\/pcp\/PROGEPE\/2018\/963PR.pdf\" style=\"border-radius:0px\" target=\"_blank\" rel=\"noreferrer noopener\">Acesse o arquivo da portaria<\/a><\/div><\/div>\n","protected":false},"excerpt":{"rendered":"<p>Conceder benef\u00edcio de pens\u00e3o, a partir de 17 de maio de 2010, data do falecimento de LUSO MARIO SILVEIRA, matr\u00edcula n\u00ba 0339006, nos termos da Lei n.\u00ba 8112, de 11.12.90 (com reda\u00e7\u00e3o vigente \u00e0 \u00e9poca), dos Artigos 215 e 217, inciso I, letra a \u00e0 c\u00f4njuge NOEMI FARAH RIBEIRO SILVEIRA, dos Artigos 215 e 217, inciso I, letra b \u00e0 c\u00f4njuge divorciada THEREZINHA MARINS DE SOUZA e dos Artigos 215 e 217, inciso II, letra a ao filho RAFAEL RIBEIRO SILVEIRA, calculado com base nos proventos percebidos pelo ex-servidor, na categoria funcional de Farmac\u00eautico, em regime de trabalho<\/p>\n","protected":false},"author":41,"featured_media":0,"comment_status":"closed","ping_status":"open","sticky":false,"template":"","format":"standard","meta":{"_acf_changed":false,"iawp_total_views":3,"footnotes":""},"categories":[116],"tags":[145],"class_list":["post-80041","post","type-post","status-publish","format-standard","hentry","category-progepe","tag-pensao"],"acf":[],"_links":{"self":[{"href":"https:\/\/progepe.ufpr.br\/portarias\/wp-json\/wp\/v2\/posts\/80041","targetHints":{"allow":["GET"]}}],"collection":[{"href":"https:\/\/progepe.ufpr.br\/portarias\/wp-json\/wp\/v2\/posts"}],"about":[{"href":"https:\/\/progepe.ufpr.br\/portarias\/wp-json\/wp\/v2\/types\/post"}],"author":[{"embeddable":true,"href":"https:\/\/progepe.ufpr.br\/portarias\/wp-json\/wp\/v2\/users\/41"}],"replies":[{"embeddable":true,"href":"https:\/\/progepe.ufpr.br\/portarias\/wp-json\/wp\/v2\/comments?post=80041"}],"version-history":[{"count":1,"href":"https:\/\/progepe.ufpr.br\/portarias\/wp-json\/wp\/v2\/posts\/80041\/revisions"}],"predecessor-version":[{"id":134983,"href":"https:\/\/progepe.ufpr.br\/portarias\/wp-json\/wp\/v2\/posts\/80041\/revisions\/134983"}],"wp:attachment":[{"href":"https:\/\/progepe.ufpr.br\/portarias\/wp-json\/wp\/v2\/media?parent=80041"}],"wp:term":[{"taxonomy":"category","embeddable":true,"href":"https:\/\/progepe.ufpr.br\/portarias\/wp-json\/wp\/v2\/categories?post=80041"},{"taxonomy":"post_tag","embeddable":true,"href":"https:\/\/progepe.ufpr.br\/portarias\/wp-json\/wp\/v2\/tags?post=80041"}],"curies":[{"name":"wp","href":"https:\/\/api.w.org\/{rel}","templated":true}]}}