{"id":80925,"date":"2018-01-19T10:40:00","date_gmt":"2018-01-19T12:40:00","guid":{"rendered":"http:\/\/progepe.ufpr.br\/portarias\/progepe-2018-00319\/"},"modified":"2023-08-03T12:30:52","modified_gmt":"2023-08-03T15:30:52","slug":"progepe-2018-00319","status":"publish","type":"post","link":"https:\/\/progepe.ufpr.br\/portarias\/progepe-2018-00319\/","title":{"rendered":"PORTARIA N\u00ba 00319\/PROGEPE, DE 19 DE JANEIRO DE 2018"},"content":{"rendered":"\n<p>O Pr\u00f3-Reitor de Gest\u00e3o de Pessoas da Universidade Federal do Paran\u00e1, no uso de suas atribui\u00e7\u00f5es, tendo em vista a compet\u00eancia que lhe \u00e9 conferida pela Portaria n\u00ba 2.590, de 26 de setembro de 1997, de acordo com Art. 10, \u00a7\u00a7 1\u00ba e 4\u00ba da Lei n\u00ba 11.091\/2005; Art. 4\u00ba, \u00a7 1\u00ba do Decreto n\u00ba 5.824\/2006; Portaria n\u00ba 09\/2006-MEC; Portaria n\u00ba 39\/2011-MEC;  Parecer n\u00ba 50151\/2015\/DCC\/COLEP\/CGGP\/SAA; Portaria n\u00b0 18908\/PROGEPE\/2016 e o contido no processo n\u00ba 177699\/2017-83,<\/p>\n\n\n<p><strong>RESOLVE:<\/strong><\/p>\n\n\n<p>I. Conceder progress\u00e3o por capacita\u00e7\u00e3o profissional \u00e0 servidora LUCIANA KLUG MADEIRA FRANCOIA &#8211; 2170071, ocupante do cargo de Assistente em Administra\u00e7\u00e3o, lotada no Departamento de Express\u00e3o Gr\u00e1fica do Setor de Ci\u00eancias Exatas, do n\u00edvel D-02 para o D-03, padr\u00e3o de vencimento 03, a partir de 09 de novembro de 2017, tendo em vista ter apresentado os seguintes certificados emitidos pela Escola Nacional de Administra\u00e7\u00e3o P\u00fablica &#8211; ENAP: a) Certificado de Conclus\u00e3o do Curso Sistema Eletr\u00f4nico de Informa\u00e7\u00f5es &#8211; SEI! USAR; b) Certificado de Conclus\u00e3o do Curso B\u00e1sico em Or\u00e7amento P\u00fablico; c) Certificado de Conclus\u00e3o do Curso \u00c9tica e Servi\u00e7o P\u00fablico; d) Certificado de Conclus\u00e3o do Curso Provas no Processo Administrativo Disciplinar; e) Certificado de Conclus\u00e3o do Curso Siape Folha; f) Certificado de Conclus\u00e3o do Curso Resolu\u00e7\u00e3o de Conflitos Aplicada ao Contexto das Ouvidorias; g) Certificado de Conclus\u00e3o do Curso Controle Social e h) Certificado de Conclus\u00e3o do Curso Introdu\u00e7\u00e3o \u00e0 Libras.<\/p><p> II. A citada servidora acumula apenas para a pr\u00f3xima progress\u00e3o por capacita\u00e7\u00e3o 110 (cento e dez) horas.<\/p><p><\/p>\n\n\n<div style=\"height:15px\" aria-hidden=\"true\" class=\"wp-block-spacer\"><\/div>\n\n\n<div class=\"wp-block-buttons is-content-justification-right is-layout-flex wp-container-core-buttons-is-layout-1 wp-block-buttons-is-layout-flex\">\n<div class=\"wp-block-button has-custom-font-size is-style-outline has-small-font-size is-style-outline--1\"><a class=\"wp-block-button__link\" href=\"https:\/\/progepe.ufpr.br\/portarias\/wp-content\/uploads\/pcp\/PROGEPE\/2018\/319PR.pdf\" style=\"border-radius:0px\" target=\"_blank\" rel=\"noreferrer noopener\">Acesse o arquivo da portaria<\/a><\/div><\/div>\n","protected":false},"excerpt":{"rendered":"<p>I. Conceder progress\u00e3o por capacita\u00e7\u00e3o profissional \u00e0 servidora LUCIANA KLUG MADEIRA FRANCOIA &#8211; 2170071, ocupante do cargo de Assistente em Administra\u00e7\u00e3o, lotada no Departamento de Express\u00e3o Gr\u00e1fica do Setor de Ci\u00eancias Exatas, do n\u00edvel D-02 para o D-03, padr\u00e3o de vencimento 03, a partir de 09 de novembro de 2017, tendo em vista ter apresentado os seguintes certificados emitidos pela Escola Nacional de Administra\u00e7\u00e3o P\u00fablica &#8211; ENAP: a) Certificado de Conclus\u00e3o do Curso Sistema Eletr\u00f4nico de Informa\u00e7\u00f5es &#8211; SEI! USAR; b) Certificado de Conclus\u00e3o do Curso B\u00e1sico em Or\u00e7amento P\u00fablico; c) Certificado de Conclus\u00e3o do Curso \u00c9tica e<\/p>\n","protected":false},"author":41,"featured_media":0,"comment_status":"closed","ping_status":"open","sticky":false,"template":"","format":"standard","meta":{"_acf_changed":false,"iawp_total_views":1,"footnotes":""},"categories":[116],"tags":[143],"class_list":["post-80925","post","type-post","status-publish","format-standard","hentry","category-progepe","tag-progressao-promocao"],"acf":[],"_links":{"self":[{"href":"https:\/\/progepe.ufpr.br\/portarias\/wp-json\/wp\/v2\/posts\/80925","targetHints":{"allow":["GET"]}}],"collection":[{"href":"https:\/\/progepe.ufpr.br\/portarias\/wp-json\/wp\/v2\/posts"}],"about":[{"href":"https:\/\/progepe.ufpr.br\/portarias\/wp-json\/wp\/v2\/types\/post"}],"author":[{"embeddable":true,"href":"https:\/\/progepe.ufpr.br\/portarias\/wp-json\/wp\/v2\/users\/41"}],"replies":[{"embeddable":true,"href":"https:\/\/progepe.ufpr.br\/portarias\/wp-json\/wp\/v2\/comments?post=80925"}],"version-history":[{"count":1,"href":"https:\/\/progepe.ufpr.br\/portarias\/wp-json\/wp\/v2\/posts\/80925\/revisions"}],"predecessor-version":[{"id":135867,"href":"https:\/\/progepe.ufpr.br\/portarias\/wp-json\/wp\/v2\/posts\/80925\/revisions\/135867"}],"wp:attachment":[{"href":"https:\/\/progepe.ufpr.br\/portarias\/wp-json\/wp\/v2\/media?parent=80925"}],"wp:term":[{"taxonomy":"category","embeddable":true,"href":"https:\/\/progepe.ufpr.br\/portarias\/wp-json\/wp\/v2\/categories?post=80925"},{"taxonomy":"post_tag","embeddable":true,"href":"https:\/\/progepe.ufpr.br\/portarias\/wp-json\/wp\/v2\/tags?post=80925"}],"curies":[{"name":"wp","href":"https:\/\/api.w.org\/{rel}","templated":true}]}}