{"id":81042,"date":"2018-01-23T10:00:00","date_gmt":"2018-01-23T12:00:00","guid":{"rendered":"http:\/\/progepe.ufpr.br\/portarias\/progepe-2018-00362\/"},"modified":"2023-07-31T16:26:56","modified_gmt":"2023-07-31T19:26:56","slug":"progepe-2018-00362","status":"publish","type":"post","link":"https:\/\/progepe.ufpr.br\/portarias\/progepe-2018-00362\/","title":{"rendered":"PORTARIA N\u00ba 00362\/PROGEPE, DE 23 DE JANEIRO DE 2018"},"content":{"rendered":"\n<p>O Pr\u00f3-Reitor de Gest\u00e3o de Pessoas da Universidade Federal do Paran\u00e1, no uso de suas atribui\u00e7\u00f5es, tendo em vista a compet\u00eancia que lhe \u00e9 conferida pela Portaria n\u00ba 2.590, de 26 de setembro de 1997 e o que consta no Art. 100 e 103 da Lei n\u00ba 8.112\/90 e ainda o contido no processo n\u00ba 23075.167256\/2017-84,<\/p>\n\n\n<p><strong>RESOLVE:<\/strong><\/p>\n\n\n<p>Retificar a Portaria n\u00ba 7\/PROGEPE de 02 de janeiro 2018, que concedeu progress\u00e3o funcional ao servidor CARLOS AUGUSTO SERBENA \u2013 1543100, ocupante do cargo de Professor do Magist\u00e9rio Superior, lotado no Departamento de Psicologia do Setor de Ci\u00eancias Humanas: Onde se l\u00ea:&#8230;a partir de 07 de abril de 2017 Leia-se:\u2026a partir de 09 de abril de 2017.<\/p><p><\/p>\n\n\n<div style=\"height:15px\" aria-hidden=\"true\" class=\"wp-block-spacer\"><\/div>\n\n\n<div class=\"wp-block-buttons is-content-justification-right is-layout-flex wp-container-core-buttons-is-layout-1 wp-block-buttons-is-layout-flex\">\n<div class=\"wp-block-button has-custom-font-size is-style-outline has-small-font-size is-style-outline--1\"><a class=\"wp-block-button__link\" href=\"https:\/\/progepe.ufpr.br\/portarias\/wp-content\/uploads\/pcp\/PROGEPE\/2018\/362PR.pdf\" style=\"border-radius:0px\" target=\"_blank\" rel=\"noreferrer noopener\">Acesse o arquivo da portaria<\/a><\/div><\/div>\n","protected":false},"excerpt":{"rendered":"<p>Retificar a Portaria n\u00ba 7\/PROGEPE de 02 de janeiro 2018, que concedeu progress\u00e3o funcional ao servidor CARLOS AUGUSTO SERBENA \u2013 1543100, ocupante do cargo de Professor do Magist\u00e9rio Superior, lotado no Departamento de Psicologia do Setor de Ci\u00eancias Humanas: Onde se l\u00ea:&#8230;a partir de 07 de abril de 2017 Leia-se:\u2026a partir de 09 de abril de 2017.  {&#8220;height&#8221;:&#8221;15px&#8221;} <\/p>\n<div style=\"height:15px\" aria-hidden=\"true\" class=\"wp-block-spacer\"> <!-- \/wp:spacer  {\"layout\":{\"type\":\"flex\",\"justifyContent\":\"right\"}} \n\n<div class=\"wp-block-buttons\"><!-- wp:button {\"style\":{\"border\":{\"radius\":\"0px\"}},\"className\":\"is-style-outline\",\"fontSize\":\"small\"} \n\n<div class=\"wp-block-button has-custom-font-size is-style-outline has-small-font-size\"><a class=\"wp-block-button__link\" href=\"https:\/\/progepe.ufpr.br\/portarias\/wp-content\/uploads\/pcp\/PROGEPE\/2018\/362PR.pdf\" style=\"border-radius:0px\" target=\"_blank\" rel=\"noreferrer noopener\">Acesse o arquivo da portaria<\/a><!-- \/wp:button <!-- \/wp:buttons\n<\/p>\n","protected":false},"author":41,"featured_media":0,"comment_status":"closed","ping_status":"open","sticky":false,"template":"","format":"standard","meta":{"_acf_changed":false,"iawp_total_views":0,"footnotes":""},"categories":[116],"tags":[143],"class_list":["post-81042","post","type-post","status-publish","format-standard","hentry","category-progepe","tag-progressao-promocao"],"acf":[],"_links":{"self":[{"href":"https:\/\/progepe.ufpr.br\/portarias\/wp-json\/wp\/v2\/posts\/81042","targetHints":{"allow":["GET"]}}],"collection":[{"href":"https:\/\/progepe.ufpr.br\/portarias\/wp-json\/wp\/v2\/posts"}],"about":[{"href":"https:\/\/progepe.ufpr.br\/portarias\/wp-json\/wp\/v2\/types\/post"}],"author":[{"embeddable":true,"href":"https:\/\/progepe.ufpr.br\/portarias\/wp-json\/wp\/v2\/users\/41"}],"replies":[{"embeddable":true,"href":"https:\/\/progepe.ufpr.br\/portarias\/wp-json\/wp\/v2\/comments?post=81042"}],"version-history":[{"count":1,"href":"https:\/\/progepe.ufpr.br\/portarias\/wp-json\/wp\/v2\/posts\/81042\/revisions"}],"predecessor-version":[{"id":135984,"href":"https:\/\/progepe.ufpr.br\/portarias\/wp-json\/wp\/v2\/posts\/81042\/revisions\/135984"}],"wp:attachment":[{"href":"https:\/\/progepe.ufpr.br\/portarias\/wp-json\/wp\/v2\/media?parent=81042"}],"wp:term":[{"taxonomy":"category","embeddable":true,"href":"https:\/\/progepe.ufpr.br\/portarias\/wp-json\/wp\/v2\/categories?post=81042"},{"taxonomy":"post_tag","embeddable":true,"href":"https:\/\/progepe.ufpr.br\/portarias\/wp-json\/wp\/v2\/tags?post=81042"}],"curies":[{"name":"wp","href":"https:\/\/api.w.org\/{rel}","templated":true}]}}