{"id":8115,"date":"2019-10-01T05:05:00","date_gmt":"2019-10-01T08:05:00","guid":{"rendered":"http:\/\/progepe.ufpr.br\/portal\/?post_type=portarias&#038;p=8115"},"modified":"2023-08-03T13:16:14","modified_gmt":"2023-08-03T16:16:14","slug":"rt-2019-00842","status":"publish","type":"post","link":"https:\/\/progepe.ufpr.br\/portarias\/rt-2019-00842\/","title":{"rendered":"PORTARIA N\u00ba 00842\/REITORIA, DE 01 DE OUTUBRO DE 2019"},"content":{"rendered":"\n<p> <strong>A Vice-Reitora da Universidade Federal do Paran\u00e1, no exerc\u00edcio do cargo de Reitora, <\/strong>no uso de suas atribui\u00e7\u00f5es<strong>,<\/strong> e considerando o que consta do processo n\u00ba 23075.070289\/2019-74,<\/p>\n\n\n\n<p>\n\t\t\t\tRESOLVE:<\/p>\n\n\n\n<p>\n\t\t\t\tI.\nDeclarar vago, a partir de 01\nde outubro\nde 2019, o cargo de Auxiliar\nem Administra\u00e7\u00e3o,\nocupado\npor ELLIE VOLANSKI \u2013 2417839, lotada\nna Se\u00e7\u00e3o de Or\u00e7amento do Setor de Ci\u00eancias Biol\u00f3gicas, em\nvirtude\nde posse em outro cargo p\u00fablico inacumul\u00e1vel, de acordo com o\ndisposto no Artigo 33 da Lei n\u00ba 8.112\/90.<\/p>\n\n\n\n<p> II. Considerando que a servidora n\u00e3o adquiriu a estabilidade prevista no Art. 21 da Lei n\u00ba 8.112\/90, a presente declara\u00e7\u00e3o de vac\u00e2ncia n\u00e3o gera direito \u00e0 recondu\u00e7\u00e3o estabelecida no Art. 29 da citada Lei.<\/p>\n","protected":false},"excerpt":{"rendered":"<p>A Vice-Reitora da Universidade Federal do Paran\u00e1, no exerc\u00edcio do cargo de Reitora, no uso de suas atribui\u00e7\u00f5es, e considerando o que consta do processo n\u00ba 23075.070289\/2019-74, RESOLVE: I. Declarar vago, a partir de 01 de outubro de 2019, o cargo de Auxiliar em Administra\u00e7\u00e3o, ocupado por ELLIE VOLANSKI \u2013 2417839, lotada na Se\u00e7\u00e3o de [&hellip;]<\/p>\n","protected":false},"author":48,"featured_media":0,"comment_status":"closed","ping_status":"open","sticky":false,"template":"","format":"standard","meta":{"_acf_changed":false,"iawp_total_views":0,"footnotes":""},"categories":[117],"tags":[122],"class_list":["post-8115","post","type-post","status-publish","format-standard","hentry","category-rt","tag-exoneracao"],"acf":[],"_links":{"self":[{"href":"https:\/\/progepe.ufpr.br\/portarias\/wp-json\/wp\/v2\/posts\/8115","targetHints":{"allow":["GET"]}}],"collection":[{"href":"https:\/\/progepe.ufpr.br\/portarias\/wp-json\/wp\/v2\/posts"}],"about":[{"href":"https:\/\/progepe.ufpr.br\/portarias\/wp-json\/wp\/v2\/types\/post"}],"author":[{"embeddable":true,"href":"https:\/\/progepe.ufpr.br\/portarias\/wp-json\/wp\/v2\/users\/48"}],"replies":[{"embeddable":true,"href":"https:\/\/progepe.ufpr.br\/portarias\/wp-json\/wp\/v2\/comments?post=8115"}],"version-history":[{"count":6,"href":"https:\/\/progepe.ufpr.br\/portarias\/wp-json\/wp\/v2\/posts\/8115\/revisions"}],"predecessor-version":[{"id":124807,"href":"https:\/\/progepe.ufpr.br\/portarias\/wp-json\/wp\/v2\/posts\/8115\/revisions\/124807"}],"wp:attachment":[{"href":"https:\/\/progepe.ufpr.br\/portarias\/wp-json\/wp\/v2\/media?parent=8115"}],"wp:term":[{"taxonomy":"category","embeddable":true,"href":"https:\/\/progepe.ufpr.br\/portarias\/wp-json\/wp\/v2\/categories?post=8115"},{"taxonomy":"post_tag","embeddable":true,"href":"https:\/\/progepe.ufpr.br\/portarias\/wp-json\/wp\/v2\/tags?post=8115"}],"curies":[{"name":"wp","href":"https:\/\/api.w.org\/{rel}","templated":true}]}}