{"id":8123,"date":"2019-10-01T10:00:00","date_gmt":"2019-10-01T13:00:00","guid":{"rendered":"http:\/\/progepe.ufpr.br\/portal\/?post_type=portarias&#038;p=8123"},"modified":"2023-08-03T12:50:03","modified_gmt":"2023-08-03T15:50:03","slug":"progepe-2019-04013","status":"publish","type":"post","link":"https:\/\/progepe.ufpr.br\/portarias\/progepe-2019-04013\/","title":{"rendered":"PORTARIA N\u00ba 04013\/PROGEPE, DE 01 DE OUTUBRO DE 2019"},"content":{"rendered":"\n<p>\n<strong>O\nPr\u00f3-Reitor de Gest\u00e3o de Pessoas da Universidade Federal do Paran\u00e1,\n<\/strong>no\nuso de suas atribui\u00e7\u00f5es, tendo em vista a compet\u00eancia que lhe \u00e9\nconferida pela Portaria n\u00ba 2.590, de 26 de setembro de 1997 e\nconsiderando o que consta no processo n\u00ba 23075.047741\/2019-02;\n\n<\/p>\n\n\n\n<p>\n\t\t\t\tRESOLVE:<\/p>\n\n\n\n<p> <em>     <\/em> Conceder Aposentadoria Volunt\u00e1ria por Tempo de Contribui\u00e7\u00e3o, nos termos do Art. 3\u00ba da Emenda Constitucional n\u00ba 47\/05, \u00e0 servidora AGNES DE PAULA SCHEER &#8211; 0342775, lotada no Departamento de Engenharia Qu\u00edmica do Setor de Tecnologia, ocupante do cargo de Professor Titular, n\u00edvel 801, com Doutorado, no regime de trabalho de 40 (quarenta) horas semanais, com Dedica\u00e7\u00e3o Exclusiva, com o vencimento do mencionado cargo, mais a Gratifica\u00e7\u00e3o Adicional por Tempo de Servi\u00e7o, prevista no Art. 67 da Lei n\u00b0 8.112\/90, no \u00edndice de 10% (dez por cento), calculada sobre o vencimento b\u00e1sico, mais a Retribui\u00e7\u00e3o por Titula\u00e7\u00e3o, institu\u00edda pela Lei n\u00b0 12.772\/12, e a Vantagem Pessoal do Art. 62, da Lei n\u00b0 8.112\/90, origin\u00e1ria da incorpora\u00e7\u00e3o nos termos do Art. 3\u00b0 a 11, da Lei n\u00b0 8.911\/94, Lei n\u00b0 9.527\/97 e Lei n\u00b0 9.624\/98, correspondente \u00e0s fra\u00e7\u00f5es de d\u00e9cimos, equivalente a 4\/10 (quatro d\u00e9cimos), da fun\u00e7\u00e3o gratificada, c\u00f3digo FG-1.  <\/p>\n","protected":false},"excerpt":{"rendered":"<p>O Pr\u00f3-Reitor de Gest\u00e3o de Pessoas da Universidade Federal do Paran\u00e1, no uso de suas atribui\u00e7\u00f5es, tendo em vista a compet\u00eancia que lhe \u00e9 conferida pela Portaria n\u00ba 2.590, de 26 de setembro de 1997 e considerando o que consta no processo n\u00ba 23075.047741\/2019-02; RESOLVE: Conceder Aposentadoria Volunt\u00e1ria por Tempo de Contribui\u00e7\u00e3o, nos termos do [&hellip;]<\/p>\n","protected":false},"author":48,"featured_media":0,"comment_status":"closed","ping_status":"closed","sticky":false,"template":"","format":"standard","meta":{"_acf_changed":false,"iawp_total_views":0,"footnotes":""},"categories":[116],"tags":[125],"class_list":["post-8123","post","type-post","status-publish","format-standard","hentry","category-progepe","tag-aposentadoria"],"acf":[],"_links":{"self":[{"href":"https:\/\/progepe.ufpr.br\/portarias\/wp-json\/wp\/v2\/posts\/8123","targetHints":{"allow":["GET"]}}],"collection":[{"href":"https:\/\/progepe.ufpr.br\/portarias\/wp-json\/wp\/v2\/posts"}],"about":[{"href":"https:\/\/progepe.ufpr.br\/portarias\/wp-json\/wp\/v2\/types\/post"}],"author":[{"embeddable":true,"href":"https:\/\/progepe.ufpr.br\/portarias\/wp-json\/wp\/v2\/users\/48"}],"replies":[{"embeddable":true,"href":"https:\/\/progepe.ufpr.br\/portarias\/wp-json\/wp\/v2\/comments?post=8123"}],"version-history":[{"count":1,"href":"https:\/\/progepe.ufpr.br\/portarias\/wp-json\/wp\/v2\/posts\/8123\/revisions"}],"predecessor-version":[{"id":190441,"href":"https:\/\/progepe.ufpr.br\/portarias\/wp-json\/wp\/v2\/posts\/8123\/revisions\/190441"}],"wp:attachment":[{"href":"https:\/\/progepe.ufpr.br\/portarias\/wp-json\/wp\/v2\/media?parent=8123"}],"wp:term":[{"taxonomy":"category","embeddable":true,"href":"https:\/\/progepe.ufpr.br\/portarias\/wp-json\/wp\/v2\/categories?post=8123"},{"taxonomy":"post_tag","embeddable":true,"href":"https:\/\/progepe.ufpr.br\/portarias\/wp-json\/wp\/v2\/tags?post=8123"}],"curies":[{"name":"wp","href":"https:\/\/api.w.org\/{rel}","templated":true}]}}