{"id":8137,"date":"2019-10-02T10:03:00","date_gmt":"2019-10-02T13:03:00","guid":{"rendered":"http:\/\/progepe.ufpr.br\/portal\/?post_type=portarias&#038;p=8137"},"modified":"2023-08-03T12:50:04","modified_gmt":"2023-08-03T15:50:04","slug":"progepe-2019-04020","status":"publish","type":"post","link":"https:\/\/progepe.ufpr.br\/portarias\/progepe-2019-04020\/","title":{"rendered":"PORTARIA N\u00ba 04020\/PROGEPE, DE 02 DE OUTUBRO DE 2019"},"content":{"rendered":"\n<p>\n<strong>O<\/strong><strong>\nPr\u00f3-Reitor de Gest\u00e3o de Pessoas da Universidade Federal do Paran\u00e1,<\/strong>\nno uso de suas atribui\u00e7\u00f5es, tendo em vista a compet\u00eancia que lhe \u00e9\nconferida pela Portaria n\u00ba 2.590, de 26 de setembro de 1997 e\nconsiderando o contido no processo n\u00ba 23075.069114\/2019-14,<\/p>\n\n\n\n<p>\n\t\t\t\tRESOLVE:<\/p>\n\n\n\n<p>Conceder benef\u00edcio de pens\u00e3o, a partir de 21 de agosto de 2019, data do falecimento do servidor TARAS SAVYTZKY &#8211; 0339419, nos termos dos Art. 215 e 217, inciso I da Lei n\u00ba 8.112\/90, com reda\u00e7\u00e3o da Lei n\u00ba 13.135\/15, \u00e0 c\u00f4njuge LUCIA SAVYTZKY, calculado com base nos proventos percebidos pelo ex-servidor, na categoria funcional de Professor do Magist\u00e9rio Superior, em regime de trabalho de Dedica\u00e7\u00e3o Exclusiva, classe 6, n\u00edvel IV, na forma preceituada no \u00a7 7\u00ba e \u00a7 18, do Art. 40 da E.C. 41\/03,\u00a0 c\/c\u00a0 Art. 2\u00ba da Lei n\u00ba 10.887\/04.<\/p>\n\n\n\n<p style=\"text-align:right\"><strong> Douglas Ortiz Hamermuller<\/strong><\/p>\n","protected":false},"excerpt":{"rendered":"<p>O Pr\u00f3-Reitor de Gest\u00e3o de Pessoas da Universidade Federal do Paran\u00e1, no uso de suas atribui\u00e7\u00f5es, tendo em vista a compet\u00eancia que lhe \u00e9 conferida pela Portaria n\u00ba 2.590, de 26 de setembro de 1997 e considerando o contido no processo n\u00ba 23075.069114\/2019-14, RESOLVE: Conceder benef\u00edcio de pens\u00e3o, a partir de 21 de agosto de [&hellip;]<\/p>\n","protected":false},"author":48,"featured_media":0,"comment_status":"closed","ping_status":"closed","sticky":false,"template":"","format":"standard","meta":{"_acf_changed":false,"iawp_total_views":0,"footnotes":""},"categories":[116],"tags":[145],"class_list":["post-8137","post","type-post","status-publish","format-standard","hentry","category-progepe","tag-pensao"],"acf":[],"_links":{"self":[{"href":"https:\/\/progepe.ufpr.br\/portarias\/wp-json\/wp\/v2\/posts\/8137","targetHints":{"allow":["GET"]}}],"collection":[{"href":"https:\/\/progepe.ufpr.br\/portarias\/wp-json\/wp\/v2\/posts"}],"about":[{"href":"https:\/\/progepe.ufpr.br\/portarias\/wp-json\/wp\/v2\/types\/post"}],"author":[{"embeddable":true,"href":"https:\/\/progepe.ufpr.br\/portarias\/wp-json\/wp\/v2\/users\/48"}],"replies":[{"embeddable":true,"href":"https:\/\/progepe.ufpr.br\/portarias\/wp-json\/wp\/v2\/comments?post=8137"}],"version-history":[{"count":1,"href":"https:\/\/progepe.ufpr.br\/portarias\/wp-json\/wp\/v2\/posts\/8137\/revisions"}],"predecessor-version":[{"id":71061,"href":"https:\/\/progepe.ufpr.br\/portarias\/wp-json\/wp\/v2\/posts\/8137\/revisions\/71061"}],"wp:attachment":[{"href":"https:\/\/progepe.ufpr.br\/portarias\/wp-json\/wp\/v2\/media?parent=8137"}],"wp:term":[{"taxonomy":"category","embeddable":true,"href":"https:\/\/progepe.ufpr.br\/portarias\/wp-json\/wp\/v2\/categories?post=8137"},{"taxonomy":"post_tag","embeddable":true,"href":"https:\/\/progepe.ufpr.br\/portarias\/wp-json\/wp\/v2\/tags?post=8137"}],"curies":[{"name":"wp","href":"https:\/\/api.w.org\/{rel}","templated":true}]}}