{"id":81606,"date":"2018-12-19T10:14:00","date_gmt":"2018-12-19T12:14:00","guid":{"rendered":"http:\/\/progepe.ufpr.br\/portarias\/progepe-2018-06074\/"},"modified":"2023-08-03T12:41:59","modified_gmt":"2023-08-03T15:41:59","slug":"progepe-2018-06074","status":"publish","type":"post","link":"https:\/\/progepe.ufpr.br\/portarias\/progepe-2018-06074\/","title":{"rendered":"PORTARIA N\u00ba 06074\/PROGEPE, DE 19 DE DEZEMBRO DE 2018"},"content":{"rendered":"\n<p>O Pr\u00f3-Reitor de Gest\u00e3o de Pessoas da Universidade Federal do Paran\u00e1, no uso de suas atribui\u00e7\u00f5es, tendo em vista a compet\u00eancia que lhe \u00e9 conferida pela Portaria n\u00ba 2.590, de 26 de setembro de 1997, de acordo com o Art. 10, \u00a7 1\u00ba e 4\u00ba da Lei n\u00ba 11.091\/05; Art. 4\u00ba \u00a7 1\u00ba do Decreto n\u00ba 5.824\/06; Portaria MEC 09\/06; Portaria MEC 39\/11; Parecer MEC 50151\/2015\/DCC\/COLEP\/CGGP\/SAA; Portaria n\u00ba 18.908\/PROGEPE, de 16.08.2016; e, ainda o contido no processo n\u00ba 23075.066871\/2018-55,<\/p>\n\n\n<p><strong>RESOLVE:<\/strong><\/p>\n\n\n<p>Conceder progress\u00e3o por capacita\u00e7\u00e3o profissional ao servidor FERNANDO LUIZ MOYA TEIXEIRA \u2013 2124393, ocupante do cargo de T\u00e9cnico em Tecnologia da Informa\u00e7\u00e3o, com lota\u00e7\u00e3o tempor\u00e1ria na Coordenadoria de Planejamento de Pessoal da Pr\u00f3-Reitoria de Gest\u00e3o de Pessoas, do n\u00edvel D-03 para o D-04, padr\u00e3o de Vencimento 04, a partir de 06 de novembro de 2018, conforme Parecer da Unidade de An\u00e1lise de T\u00edtulos (1430741), no processo n\u00ba 23075.066871\/2018-55.<\/p><p><\/p>\n\n\n<div style=\"height:15px\" aria-hidden=\"true\" class=\"wp-block-spacer\"><\/div>\n\n\n<div class=\"wp-block-buttons is-content-justification-right is-layout-flex wp-container-core-buttons-is-layout-1 wp-block-buttons-is-layout-flex\">\n<div class=\"wp-block-button has-custom-font-size is-style-outline has-small-font-size is-style-outline--1\"><a class=\"wp-block-button__link\" href=\"https:\/\/progepe.ufpr.br\/portarias\/wp-content\/uploads\/pcp\/PROGEPE\/2018\/6074PR.pdf\" style=\"border-radius:0px\" target=\"_blank\" rel=\"noreferrer noopener\">Acesse o arquivo da portaria<\/a><\/div><\/div>\n","protected":false},"excerpt":{"rendered":"<p>Conceder progress\u00e3o por capacita\u00e7\u00e3o profissional ao servidor FERNANDO LUIZ MOYA TEIXEIRA \u2013 2124393, ocupante do cargo de T\u00e9cnico em Tecnologia da Informa\u00e7\u00e3o, com lota\u00e7\u00e3o tempor\u00e1ria na Coordenadoria de Planejamento de Pessoal da Pr\u00f3-Reitoria de Gest\u00e3o de Pessoas, do n\u00edvel D-03 para o D-04, padr\u00e3o de Vencimento 04, a partir de 06 de novembro de 2018, conforme Parecer da Unidade de An\u00e1lise de T\u00edtulos (1430741), no processo n\u00ba 23075.066871\/2018-55.  {&#8220;height&#8221;:&#8221;15px&#8221;} <\/p>\n<div style=\"height:15px\" aria-hidden=\"true\" class=\"wp-block-spacer\"> <!-- \/wp:spacer  {\"layout\":{\"type\":\"flex\",\"justifyContent\":\"right\"}} \n\n<div class=\"wp-block-buttons\"><!-- wp:button {\"style\":{\"border\":{\"radius\":\"0px\"}},\"className\":\"is-style-outline\",\"fontSize\":\"small\"} \n\n<div class=\"wp-block-button has-custom-font-size is-style-outline has-small-font-size\"><a class=\"wp-block-button__link\" href=\"https:\/\/progepe.ufpr.br\/portarias\/wp-content\/uploads\/pcp\/PROGEPE\/2018\/6074PR.pdf\" style=\"border-radius:0px\" target=\"_blank\" rel=\"nore\n<\/p>\n","protected":false},"author":41,"featured_media":0,"comment_status":"closed","ping_status":"open","sticky":false,"template":"","format":"standard","meta":{"_acf_changed":false,"iawp_total_views":0,"footnotes":""},"categories":[116],"tags":[143],"class_list":["post-81606","post","type-post","status-publish","format-standard","hentry","category-progepe","tag-progressao-promocao"],"acf":[],"_links":{"self":[{"href":"https:\/\/progepe.ufpr.br\/portarias\/wp-json\/wp\/v2\/posts\/81606","targetHints":{"allow":["GET"]}}],"collection":[{"href":"https:\/\/progepe.ufpr.br\/portarias\/wp-json\/wp\/v2\/posts"}],"about":[{"href":"https:\/\/progepe.ufpr.br\/portarias\/wp-json\/wp\/v2\/types\/post"}],"author":[{"embeddable":true,"href":"https:\/\/progepe.ufpr.br\/portarias\/wp-json\/wp\/v2\/users\/41"}],"replies":[{"embeddable":true,"href":"https:\/\/progepe.ufpr.br\/portarias\/wp-json\/wp\/v2\/comments?post=81606"}],"version-history":[{"count":1,"href":"https:\/\/progepe.ufpr.br\/portarias\/wp-json\/wp\/v2\/posts\/81606\/revisions"}],"predecessor-version":[{"id":136548,"href":"https:\/\/progepe.ufpr.br\/portarias\/wp-json\/wp\/v2\/posts\/81606\/revisions\/136548"}],"wp:attachment":[{"href":"https:\/\/progepe.ufpr.br\/portarias\/wp-json\/wp\/v2\/media?parent=81606"}],"wp:term":[{"taxonomy":"category","embeddable":true,"href":"https:\/\/progepe.ufpr.br\/portarias\/wp-json\/wp\/v2\/categories?post=81606"},{"taxonomy":"post_tag","embeddable":true,"href":"https:\/\/progepe.ufpr.br\/portarias\/wp-json\/wp\/v2\/tags?post=81606"}],"curies":[{"name":"wp","href":"https:\/\/api.w.org\/{rel}","templated":true}]}}