{"id":81609,"date":"2018-12-19T10:17:00","date_gmt":"2018-12-19T12:17:00","guid":{"rendered":"http:\/\/progepe.ufpr.br\/portarias\/progepe-2018-06077\/"},"modified":"2023-08-03T12:41:59","modified_gmt":"2023-08-03T15:41:59","slug":"progepe-2018-06077","status":"publish","type":"post","link":"https:\/\/progepe.ufpr.br\/portarias\/progepe-2018-06077\/","title":{"rendered":"PORTARIA N\u00ba 06077\/PROGEPE, DE 19 DE DEZEMBRO DE 2018"},"content":{"rendered":"\n<p>O Pr\u00f3-Reitor de Gest\u00e3o de Pessoas da Universidade Federal do Paran\u00e1, no uso de suas atribui\u00e7\u00f5es, tendo em vista a compet\u00eancia que lhe \u00e9 conferida pela Portaria n\u00ba 2.590, de 26 de setembro de 1997, de acordo com o Art. 10, \u00a7 1\u00ba e 4\u00ba da Lei n\u00ba 11.091\/05; Art. 4\u00ba \u00a7 1\u00ba do Decreto n\u00ba 5.824\/06; Portaria MEC 09\/06; Portaria MEC 39\/11; Parecer MEC 50151\/2015\/DCC\/COLEP\/CGGP\/SAA; Portaria n\u00ba 18.908\/PROGEPE, de 16.08.2016; e, ainda o contido no processo n\u00ba 23075.063822\/2018-61,<\/p>\n\n\n<p><strong>RESOLVE:<\/strong><\/p>\n\n\n<p>I. Conceder progress\u00e3o por capacita\u00e7\u00e3o profissional ao servidor MARCOS ANTONIO GONCALVES JUNIOR \u2013 2127762, ocupante do cargo de Assistente em Administra\u00e7\u00e3o, lotado na Se\u00e7\u00e3o de Servi\u00e7os de Apoio Administrativos do Setor Litoral, do n\u00edvel D-01 para o D-02, padr\u00e3o de Vencimento 04, a partir de 23 de outubro de 2018, conforme Parecer da Unidade de An\u00e1lise de T\u00edtulos (1441611), no processo n\u00ba 23075.063822\/2018-61.<\/p><p> II. O citado servidor acumula para a progress\u00e3o por capacita\u00e7\u00e3o 10 h (dez horas).<\/p><p><\/p>\n\n\n<div style=\"height:15px\" aria-hidden=\"true\" class=\"wp-block-spacer\"><\/div>\n\n\n<div class=\"wp-block-buttons is-content-justification-right is-layout-flex wp-container-core-buttons-is-layout-1 wp-block-buttons-is-layout-flex\">\n<div class=\"wp-block-button has-custom-font-size is-style-outline has-small-font-size is-style-outline--1\"><a class=\"wp-block-button__link\" href=\"https:\/\/progepe.ufpr.br\/portarias\/wp-content\/uploads\/pcp\/PROGEPE\/2018\/6077PR.pdf\" style=\"border-radius:0px\" target=\"_blank\" rel=\"noreferrer noopener\">Acesse o arquivo da portaria<\/a><\/div><\/div>\n","protected":false},"excerpt":{"rendered":"<p>I. Conceder progress\u00e3o por capacita\u00e7\u00e3o profissional ao servidor MARCOS ANTONIO GONCALVES JUNIOR \u2013 2127762, ocupante do cargo de Assistente em Administra\u00e7\u00e3o, lotado na Se\u00e7\u00e3o de Servi\u00e7os de Apoio Administrativos do Setor Litoral, do n\u00edvel D-01 para o D-02, padr\u00e3o de Vencimento 04, a partir de 23 de outubro de 2018, conforme Parecer da Unidade de An\u00e1lise de T\u00edtulos (1441611), no processo n\u00ba 23075.063822\/2018-61. II. O citado servidor acumula para a progress\u00e3o por capacita\u00e7\u00e3o 10 h (dez horas).  {&#8220;height&#8221;:&#8221;15px&#8221;} <\/p>\n<div style=\"height:15px\" aria-hidden=\"true\" class=\"wp-block-spacer\"> <!-- \/wp:spacer  {\"layout\":{\"type\":\"flex\",\"justifyContent\":\"right\"}} \n\n<div class=\"wp-block-buttons\"><!-- wp:button {\"style\":{\"border\":{\"radius\":\"0px\"}},\"className\":\"is-style-outline\",\"fontSize\":\"small\"} \n\n<div class=\"wp-block-button has-custom-font-size is-style-outline has-small-font-size\"><a class=\"wp-block-button__link\" href=\"https:\/\/progepe.ufpr.br\/portarias\/wp-content\/uploads\/pcp\/PROGEPE\/2018\/6077PR.pdf\"\n<\/p>\n","protected":false},"author":41,"featured_media":0,"comment_status":"closed","ping_status":"open","sticky":false,"template":"","format":"standard","meta":{"_acf_changed":false,"iawp_total_views":0,"footnotes":""},"categories":[116],"tags":[143],"class_list":["post-81609","post","type-post","status-publish","format-standard","hentry","category-progepe","tag-progressao-promocao"],"acf":[],"_links":{"self":[{"href":"https:\/\/progepe.ufpr.br\/portarias\/wp-json\/wp\/v2\/posts\/81609","targetHints":{"allow":["GET"]}}],"collection":[{"href":"https:\/\/progepe.ufpr.br\/portarias\/wp-json\/wp\/v2\/posts"}],"about":[{"href":"https:\/\/progepe.ufpr.br\/portarias\/wp-json\/wp\/v2\/types\/post"}],"author":[{"embeddable":true,"href":"https:\/\/progepe.ufpr.br\/portarias\/wp-json\/wp\/v2\/users\/41"}],"replies":[{"embeddable":true,"href":"https:\/\/progepe.ufpr.br\/portarias\/wp-json\/wp\/v2\/comments?post=81609"}],"version-history":[{"count":1,"href":"https:\/\/progepe.ufpr.br\/portarias\/wp-json\/wp\/v2\/posts\/81609\/revisions"}],"predecessor-version":[{"id":136551,"href":"https:\/\/progepe.ufpr.br\/portarias\/wp-json\/wp\/v2\/posts\/81609\/revisions\/136551"}],"wp:attachment":[{"href":"https:\/\/progepe.ufpr.br\/portarias\/wp-json\/wp\/v2\/media?parent=81609"}],"wp:term":[{"taxonomy":"category","embeddable":true,"href":"https:\/\/progepe.ufpr.br\/portarias\/wp-json\/wp\/v2\/categories?post=81609"},{"taxonomy":"post_tag","embeddable":true,"href":"https:\/\/progepe.ufpr.br\/portarias\/wp-json\/wp\/v2\/tags?post=81609"}],"curies":[{"name":"wp","href":"https:\/\/api.w.org\/{rel}","templated":true}]}}