{"id":8216,"date":"2019-10-07T05:18:00","date_gmt":"2019-10-07T08:18:00","guid":{"rendered":"http:\/\/progepe.ufpr.br\/portal\/?post_type=portarias&#038;p=8216"},"modified":"2023-08-03T13:16:17","modified_gmt":"2023-08-03T16:16:17","slug":"rt-2019-00862","status":"publish","type":"post","link":"https:\/\/progepe.ufpr.br\/portarias\/rt-2019-00862\/","title":{"rendered":"PORTARIA N\u00ba 00862\/REITORIA, DE 03 DE OUTUBRO DE 2019"},"content":{"rendered":"\n<p>\n<strong>A\nVice-Reitora da Universidade Federal do Paran\u00e1, no exerc\u00edcio do\ncargo de Reitora<\/strong><strong>,<\/strong>\nno uso de suas atribui\u00e7\u00f5es, tendo em vista a compet\u00eancia que lhe \u00e9\nconferida pela Portaria\nn\u00ba 1.427, de 06 de agosto de 2019, publicada no DOU de 07.08.2019,\nconsiderando o que consta no artigo 9\u00ba, inciso I da Lei n\u00ba\n8.112\/90; autorizada pelo Decreto n\u00ba 7.232, de 19 de julho de 2010,\npublicado no DOU de 20.07.2010; Portaria Interministerial n\u00ba 111, de\n02 de abril de 2014, publicada no DOU de 03.04.2014; e, o contido no\nprocesso n\u00ba 23075.061983\/2019-09,\n\n<\/p>\n\n\n\n<p>\nRESOLVE:<\/p>\n\n\n\n<p> Retificar a Portaria n\u00ba 731\/REITORIA, de 04 de setembro 2019, que nomeou em car\u00e1ter efetivo, ALEX APARECIDO FERREIRA:  <\/p>\n\n\n\n<p> Onde se l\u00ea:&#8230;para o departamento de Direito F\u00edsica do Setor de Ci\u00eancias Exatas&#8230;<\/p>\n\n\n\n<p> Leia-se:&#8230;para o Departamento de F\u00edsica do Setor de Ci\u00eancias Exatas&#8230;<\/p>\n\n\n\n<p class=\"has-text-align-right\"><strong>GRACIELA INES BOLZON DE MUNIZ<\/strong><\/p>\n","protected":false},"excerpt":{"rendered":"<p>A Vice-Reitora da Universidade Federal do Paran\u00e1, no exerc\u00edcio do cargo de Reitora, no uso de suas atribui\u00e7\u00f5es, tendo em vista a compet\u00eancia que lhe \u00e9 conferida pela Portaria n\u00ba 1.427, de 06 de agosto de 2019, publicada no DOU de 07.08.2019, considerando o que consta no artigo 9\u00ba, inciso I da Lei n\u00ba 8.112\/90; [&hellip;]<\/p>\n","protected":false},"author":48,"featured_media":0,"comment_status":"closed","ping_status":"closed","sticky":false,"template":"","format":"standard","meta":{"_acf_changed":false,"iawp_total_views":0,"footnotes":""},"categories":[117],"tags":[121],"class_list":["post-8216","post","type-post","status-publish","format-standard","hentry","category-rt","tag-nomeacao"],"acf":[],"_links":{"self":[{"href":"https:\/\/progepe.ufpr.br\/portarias\/wp-json\/wp\/v2\/posts\/8216","targetHints":{"allow":["GET"]}}],"collection":[{"href":"https:\/\/progepe.ufpr.br\/portarias\/wp-json\/wp\/v2\/posts"}],"about":[{"href":"https:\/\/progepe.ufpr.br\/portarias\/wp-json\/wp\/v2\/types\/post"}],"author":[{"embeddable":true,"href":"https:\/\/progepe.ufpr.br\/portarias\/wp-json\/wp\/v2\/users\/48"}],"replies":[{"embeddable":true,"href":"https:\/\/progepe.ufpr.br\/portarias\/wp-json\/wp\/v2\/comments?post=8216"}],"version-history":[{"count":5,"href":"https:\/\/progepe.ufpr.br\/portarias\/wp-json\/wp\/v2\/posts\/8216\/revisions"}],"predecessor-version":[{"id":190455,"href":"https:\/\/progepe.ufpr.br\/portarias\/wp-json\/wp\/v2\/posts\/8216\/revisions\/190455"}],"wp:attachment":[{"href":"https:\/\/progepe.ufpr.br\/portarias\/wp-json\/wp\/v2\/media?parent=8216"}],"wp:term":[{"taxonomy":"category","embeddable":true,"href":"https:\/\/progepe.ufpr.br\/portarias\/wp-json\/wp\/v2\/categories?post=8216"},{"taxonomy":"post_tag","embeddable":true,"href":"https:\/\/progepe.ufpr.br\/portarias\/wp-json\/wp\/v2\/tags?post=8216"}],"curies":[{"name":"wp","href":"https:\/\/api.w.org\/{rel}","templated":true}]}}