{"id":8218,"date":"2019-10-07T05:19:00","date_gmt":"2019-10-07T08:19:00","guid":{"rendered":"http:\/\/progepe.ufpr.br\/portal\/?post_type=portarias&#038;p=8218"},"modified":"2023-08-03T13:16:17","modified_gmt":"2023-08-03T16:16:17","slug":"rt-2019-00863","status":"publish","type":"post","link":"https:\/\/progepe.ufpr.br\/portarias\/rt-2019-00863\/","title":{"rendered":"PORTARIA N\u00ba 00863\/REITORIA, DE 03 DE OUTUBRO DE 2019"},"content":{"rendered":"\n<p>\n<strong>A\nVice-Reitora da Universidade Federal do Paran\u00e1, no exerc\u00edcio do\ncargo de Reitora<\/strong><strong>,<\/strong>no\nuso de suas atribui\u00e7\u00f5es, tendo em vista a compet\u00eancia que lhe \u00e9\nconferida pela Portaria n\u00ba 1.427\/MEC, de 06 de agosto de 2019,\npublicada no DOU de 07.08.2019; o que consta no Art. 9\u00ba, inciso I da\nLei n\u00ba 8.112\/90; Decreto n\u00ba 7.485, de 18.05.2011, publicado no DOU\nde 19.05.2011, atualizado pelo Decreto n\u00ba 8.259, de 20.05.2014,\npublicado no DOU de 30.05.2014; Lei n\u00ba 12.772\/2012 e suas\naltera\u00e7\u00f5es; e ainda o que consta no processo n\u00ba\n23075.067472\/2019-92,<\/p>\n\n\n\n<p>\nRESOLVE:<\/p>\n\n\n\n<p> I. Nomear em car\u00e1ter efetivo, MARCELO DE SOUZA, habilitado em concurso p\u00fablico de provas e t\u00edtulos, homologado em 11.10.2017, para o cargo de Professor na carreira de Magist\u00e9rio Superior, classe A, Adjunto A, n\u00edvel I, em regime de trabalho de 20 (vinte) horas semanais, na \u00e1rea de conhecimento: Eletr\u00f4nica e Telecomunica\u00e7\u00f5es, para o Departamento de Engenharia El\u00e9trica do Setor de Tecnologia, na vaga de c\u00f3digo n\u00ba 263305.<\/p>\n\n\n\n<p> II. Conceder retribui\u00e7\u00e3o por titula\u00e7\u00e3o, de acordo com o Art. 16, Inciso II e Art. 17 da Lei n\u00ba 12.772\/2012, a partir da data de exerc\u00edcio, tendo em vista possuir o t\u00edtulo de Doutor.<\/p>\n\n\n\n<p class=\"has-text-align-right\"><strong>GRACIELA INES BOLZON DE MUNIZ<\/strong><\/p>\n","protected":false},"excerpt":{"rendered":"<p>A Vice-Reitora da Universidade Federal do Paran\u00e1, no exerc\u00edcio do cargo de Reitora,no uso de suas atribui\u00e7\u00f5es, tendo em vista a compet\u00eancia que lhe \u00e9 conferida pela Portaria n\u00ba 1.427\/MEC, de 06 de agosto de 2019, publicada no DOU de 07.08.2019; o que consta no Art. 9\u00ba, inciso I da Lei n\u00ba 8.112\/90; Decreto n\u00ba [&hellip;]<\/p>\n","protected":false},"author":48,"featured_media":0,"comment_status":"closed","ping_status":"closed","sticky":false,"template":"","format":"standard","meta":{"_acf_changed":false,"iawp_total_views":0,"footnotes":""},"categories":[117],"tags":[121],"class_list":["post-8218","post","type-post","status-publish","format-standard","hentry","category-rt","tag-nomeacao"],"acf":[],"_links":{"self":[{"href":"https:\/\/progepe.ufpr.br\/portarias\/wp-json\/wp\/v2\/posts\/8218","targetHints":{"allow":["GET"]}}],"collection":[{"href":"https:\/\/progepe.ufpr.br\/portarias\/wp-json\/wp\/v2\/posts"}],"about":[{"href":"https:\/\/progepe.ufpr.br\/portarias\/wp-json\/wp\/v2\/types\/post"}],"author":[{"embeddable":true,"href":"https:\/\/progepe.ufpr.br\/portarias\/wp-json\/wp\/v2\/users\/48"}],"replies":[{"embeddable":true,"href":"https:\/\/progepe.ufpr.br\/portarias\/wp-json\/wp\/v2\/comments?post=8218"}],"version-history":[{"count":6,"href":"https:\/\/progepe.ufpr.br\/portarias\/wp-json\/wp\/v2\/posts\/8218\/revisions"}],"predecessor-version":[{"id":190456,"href":"https:\/\/progepe.ufpr.br\/portarias\/wp-json\/wp\/v2\/posts\/8218\/revisions\/190456"}],"wp:attachment":[{"href":"https:\/\/progepe.ufpr.br\/portarias\/wp-json\/wp\/v2\/media?parent=8218"}],"wp:term":[{"taxonomy":"category","embeddable":true,"href":"https:\/\/progepe.ufpr.br\/portarias\/wp-json\/wp\/v2\/categories?post=8218"},{"taxonomy":"post_tag","embeddable":true,"href":"https:\/\/progepe.ufpr.br\/portarias\/wp-json\/wp\/v2\/tags?post=8218"}],"curies":[{"name":"wp","href":"https:\/\/api.w.org\/{rel}","templated":true}]}}