{"id":8223,"date":"2019-10-03T10:11:00","date_gmt":"2019-10-03T13:11:00","guid":{"rendered":"http:\/\/progepe.ufpr.br\/portal\/?post_type=portarias&#038;p=8223"},"modified":"2023-08-03T12:50:08","modified_gmt":"2023-08-03T15:50:08","slug":"progepe-2019-04049","status":"publish","type":"post","link":"https:\/\/progepe.ufpr.br\/portarias\/progepe-2019-04049\/","title":{"rendered":"PORTARIA N\u00ba 04049\/PROGEPE, DE 03 DE OUTUBRO DE 2019"},"content":{"rendered":"\n<p><strong>O Pr\u00f3-Reitor de Gest\u00e3o de Pessoas da Universidade Federal do Paran\u00e1<\/strong><strong>,<\/strong> no uso de suas atribui\u00e7\u00f5es, tendo em vista a\ncompet\u00eancia que lhe \u00e9 conferida pela Portaria n\u00ba 2.590, de 26 de setembro de\n1997 e considerando o que consta no processo n\u00ba 23075.041874\/2019-67,<\/p>\n\n\n\n<p>RESOLVE:<\/p>\n\n\n\n<p style=\"font-size:0\">Alterar, tendo em vista o que consta no Art. 8\u00ba da Resolu\u00e7\u00e3o n\u00ba 34\/2012-CEPE e Parecer da CPPD, o regime de trabalho de 40 (quarenta) horas semanais, para 40 (quarenta) horas semanais com dedica\u00e7\u00e3o exclusiva, da servidora VANIA OLIVEIRA DE CARVALHO &#8211; 2542994, ocupante do cargo de Professora do Magist\u00e9rio Superior, lotada no Departamento de Pediatria do Setor de Ci\u00eancias Sociais Aplicadas, a partir de 03 de outubro de 2019.<\/p>\n\n\n\n<p style=\"text-align:right\">Douglas Ortiz Hamermuller <\/p>\n","protected":false},"excerpt":{"rendered":"<p><!-- wp:paragraph {\"customFontSize\":0} \n\n<p style=\"font-size:0\">Alterar, tendo em vista o que consta no Art. 8\u00ba da Resolu\u00e7\u00e3o n\u00ba 34\/2012-CEPE e Parecer da CPPD, o regime de trabalho de 40 (quarenta) horas semanais, para 40 (quarenta) horas semanais com dedica\u00e7\u00e3o exclusiva, da servidora VANIA OLIVEIRA DE CARVALHO - 2542994, ocupante do cargo de Professora do Magist\u00e9rio Superior, lotada no Departamento de Pediatria do Setor de Ci\u00eancias Sociais Aplicadas, a partir de 03 de outubro de 2019.  <!-- wp:paragraph {\"align\":\"right\"} \n\n<p style=\"text-align:right\">Douglas Ortiz Hamermuller\n<\/p>\n","protected":false},"author":49,"featured_media":0,"comment_status":"closed","ping_status":"closed","sticky":false,"template":"","format":"standard","meta":{"_acf_changed":false,"iawp_total_views":0,"footnotes":""},"categories":[116],"tags":[130],"class_list":["post-8223","post","type-post","status-publish","format-standard","hentry","category-progepe","tag-regime-trabalho"],"acf":[],"_links":{"self":[{"href":"https:\/\/progepe.ufpr.br\/portarias\/wp-json\/wp\/v2\/posts\/8223","targetHints":{"allow":["GET"]}}],"collection":[{"href":"https:\/\/progepe.ufpr.br\/portarias\/wp-json\/wp\/v2\/posts"}],"about":[{"href":"https:\/\/progepe.ufpr.br\/portarias\/wp-json\/wp\/v2\/types\/post"}],"author":[{"embeddable":true,"href":"https:\/\/progepe.ufpr.br\/portarias\/wp-json\/wp\/v2\/users\/49"}],"replies":[{"embeddable":true,"href":"https:\/\/progepe.ufpr.br\/portarias\/wp-json\/wp\/v2\/comments?post=8223"}],"version-history":[{"count":1,"href":"https:\/\/progepe.ufpr.br\/portarias\/wp-json\/wp\/v2\/posts\/8223\/revisions"}],"predecessor-version":[{"id":190460,"href":"https:\/\/progepe.ufpr.br\/portarias\/wp-json\/wp\/v2\/posts\/8223\/revisions\/190460"}],"wp:attachment":[{"href":"https:\/\/progepe.ufpr.br\/portarias\/wp-json\/wp\/v2\/media?parent=8223"}],"wp:term":[{"taxonomy":"category","embeddable":true,"href":"https:\/\/progepe.ufpr.br\/portarias\/wp-json\/wp\/v2\/categories?post=8223"},{"taxonomy":"post_tag","embeddable":true,"href":"https:\/\/progepe.ufpr.br\/portarias\/wp-json\/wp\/v2\/tags?post=8223"}],"curies":[{"name":"wp","href":"https:\/\/api.w.org\/{rel}","templated":true}]}}