{"id":82304,"date":"2017-05-31T05:00:00","date_gmt":"2017-05-31T08:00:00","guid":{"rendered":"http:\/\/progepe.ufpr.br\/portarias\/rt-2017-00379\/"},"modified":"2024-08-19T13:41:35","modified_gmt":"2024-08-19T16:41:35","slug":"rt-2017-00379","status":"publish","type":"post","link":"https:\/\/progepe.ufpr.br\/portarias\/rt-2017-00379\/","title":{"rendered":"PORTARIA N\u00ba 00379\/REITORIA, DE 31 DE MAIO DE 2017"},"content":{"rendered":"\n<p style=\"padding-left:43%\">O Reitor da Universidade Federal do Paran\u00e1, no uso de suas atribui\u00e7\u00f5es e tendo em vista o que consta no processo n\u00ba 23075.176929\/2017-97,<\/p>\n\n\n\n<p style=\"padding-left:43%\"><strong>RESOLVE:<\/strong><\/p>\n\n\n\n<p>I. Tendo em vista o que consta no Art. 93 da Lei n\u00ba 8.112\/1990 e Art. 7\u00ba da Lei n\u00ba 12.550\/2011, autorizar, a partir da data de publica\u00e7\u00e3o em DOU, a cess\u00e3o da servidora VANESSA DANIELLI MASSAMBANI &#8211; 2090089, ocupante do cargo de Assistente em Administra\u00e7\u00e3o, lotada na Se\u00e7\u00e3o de Controle e Execu\u00e7\u00e3o Or\u00e7ament\u00e1ria do Setor de Ci\u00eancias da Sa\u00fade, para a Empresa Brasileira de Servi\u00e7os Hospitalares (EBSERH) do Minist\u00e9rio da Educa\u00e7\u00e3o.<\/p>\n\n\n\n<p>II. Manter a referida servidora em folha de pagamento da Institui\u00e7\u00e3o, por tratar-se de cess\u00e3o para \u00f3rg\u00e3o dos Poderes da Uni\u00e3o.<\/p>\n\n\n\n<p>III. Fica sob a responsabilidade da EBSERH do Minist\u00e9rio da Educa\u00e7\u00e3o, o encaminhamento da frequ\u00eancia da servidora, at\u00e9 o 5\u00ba (quinto) dia \u00fatil de cada m\u00eas junto a esta Institui\u00e7\u00e3o.<\/p>\n","protected":false},"excerpt":{"rendered":"<p>I. Tendo em vista o que consta no Art. 93 da Lei n\u00ba 8.112\/1990 e Art. 7\u00ba da Lei n\u00ba 12.550\/2011, autorizar, a partir da data de publica\u00e7\u00e3o em DOU, a cess\u00e3o da servidora VANESSA DANIELLI MASSAMBANI &#8211; 2090089, ocupante do cargo de Assistente em Administra\u00e7\u00e3o, lotada na Se\u00e7\u00e3o de Controle e Execu\u00e7\u00e3o Or\u00e7ament\u00e1ria do Setor de Ci\u00eancias da Sa\u00fade, para a Empresa Brasileira de Servi\u00e7os Hospitalares (EBSERH) do Minist\u00e9rio da Educa\u00e7\u00e3o.  II. Manter a referida servidora em folha de pagamento da Institui\u00e7\u00e3o, por tratar-se de cess\u00e3o para \u00f3rg\u00e3o dos Poderes da Uni\u00e3o.  III. Fica sob<\/p>\n","protected":false},"author":41,"featured_media":0,"comment_status":"closed","ping_status":"open","sticky":false,"template":"","format":"standard","meta":{"_acf_changed":false,"iawp_total_views":1,"footnotes":""},"categories":[117],"tags":[127],"class_list":["post-82304","post","type-post","status-publish","format-standard","hentry","category-rt","tag-cessao"],"acf":[],"_links":{"self":[{"href":"https:\/\/progepe.ufpr.br\/portarias\/wp-json\/wp\/v2\/posts\/82304","targetHints":{"allow":["GET"]}}],"collection":[{"href":"https:\/\/progepe.ufpr.br\/portarias\/wp-json\/wp\/v2\/posts"}],"about":[{"href":"https:\/\/progepe.ufpr.br\/portarias\/wp-json\/wp\/v2\/types\/post"}],"author":[{"embeddable":true,"href":"https:\/\/progepe.ufpr.br\/portarias\/wp-json\/wp\/v2\/users\/41"}],"replies":[{"embeddable":true,"href":"https:\/\/progepe.ufpr.br\/portarias\/wp-json\/wp\/v2\/comments?post=82304"}],"version-history":[{"count":2,"href":"https:\/\/progepe.ufpr.br\/portarias\/wp-json\/wp\/v2\/posts\/82304\/revisions"}],"predecessor-version":[{"id":257084,"href":"https:\/\/progepe.ufpr.br\/portarias\/wp-json\/wp\/v2\/posts\/82304\/revisions\/257084"}],"wp:attachment":[{"href":"https:\/\/progepe.ufpr.br\/portarias\/wp-json\/wp\/v2\/media?parent=82304"}],"wp:term":[{"taxonomy":"category","embeddable":true,"href":"https:\/\/progepe.ufpr.br\/portarias\/wp-json\/wp\/v2\/categories?post=82304"},{"taxonomy":"post_tag","embeddable":true,"href":"https:\/\/progepe.ufpr.br\/portarias\/wp-json\/wp\/v2\/tags?post=82304"}],"curies":[{"name":"wp","href":"https:\/\/api.w.org\/{rel}","templated":true}]}}