{"id":82332,"date":"2017-01-09T05:01:00","date_gmt":"2017-01-09T07:01:00","guid":{"rendered":"http:\/\/progepe.ufpr.br\/portarias\/rt-2017-00020\/"},"modified":"2024-09-24T15:22:00","modified_gmt":"2024-09-24T18:22:00","slug":"rt-2017-00020","status":"publish","type":"post","link":"https:\/\/progepe.ufpr.br\/portarias\/rt-2017-00020\/","title":{"rendered":"PORTARIA N\u00ba 00020\/REITORIA, DE 09 DE JANEIRO DE 2017"},"content":{"rendered":"\n<p style=\"padding-left:43%\">O Reitor da Universidade Federal do Paran\u00e1, no uso de suas atribui\u00e7\u00f5es, tendo em vista o que consta no artigo 39 do Estatuto desta Universidade e o contido no processo n\u00ba 165033\/2016-00,<\/p>\n\n\n\n<p style=\"padding-left:43%\"><strong>RESOLVE:<\/strong><\/p>\n\n\n\n<p>I. Nomear a servidora LUCIANE DE F\u00c1TIMA NERI &#8211; 147290, ocupante do cargo de Professora, no regime de trabalho de dedica\u00e7\u00e3o exclusiva, para exercer a fun\u00e7\u00e3o gratificada de Chefe do Departamento de Turismo, FG-01, do Setor de Ci\u00eancias Humanas, pelo per\u00edodo de 02 (dois) anos, a partir da data de publica\u00e7\u00e3o em DOU, de acordo com a Lei n\u00ba 9.527\/97.<\/p>\n\n\n\n<p>II. A mencionada docente cumprir\u00e1, obrigatoriamente, o regime de trabalho de tempo integral, de acordo com o disposto no \u00a7 5\u00ba, artigo 1\u00ba da Lei n\u00ba 8.168\/91.<\/p>\n","protected":false},"excerpt":{"rendered":"<p>I. Nomear a servidora LUCIANE DE F\u00c1TIMA NERI &#8211; 147290, ocupante do cargo de Professora, no regime de trabalho de dedica\u00e7\u00e3o exclusiva, para exercer a fun\u00e7\u00e3o gratificada de Chefe do Departamento de Turismo, FG-01, do Setor de Ci\u00eancias Humanas, pelo per\u00edodo de 02 (dois) anos, a partir da data de publica\u00e7\u00e3o em DOU, de acordo com a Lei n\u00ba 9.527\/97.  II. A mencionada docente cumprir\u00e1, obrigatoriamente, o regime de trabalho de tempo integral, de acordo com o disposto no \u00a7 5\u00ba, artigo 1\u00ba da Lei n\u00ba 8.168\/91.<\/p>\n","protected":false},"author":41,"featured_media":0,"comment_status":"closed","ping_status":"open","sticky":false,"template":"","format":"standard","meta":{"_acf_changed":false,"iawp_total_views":0,"footnotes":""},"categories":[117],"tags":[244],"class_list":["post-82332","post","type-post","status-publish","format-standard","hentry","category-rt","tag-chefe-suplente"],"acf":[],"_links":{"self":[{"href":"https:\/\/progepe.ufpr.br\/portarias\/wp-json\/wp\/v2\/posts\/82332","targetHints":{"allow":["GET"]}}],"collection":[{"href":"https:\/\/progepe.ufpr.br\/portarias\/wp-json\/wp\/v2\/posts"}],"about":[{"href":"https:\/\/progepe.ufpr.br\/portarias\/wp-json\/wp\/v2\/types\/post"}],"author":[{"embeddable":true,"href":"https:\/\/progepe.ufpr.br\/portarias\/wp-json\/wp\/v2\/users\/41"}],"replies":[{"embeddable":true,"href":"https:\/\/progepe.ufpr.br\/portarias\/wp-json\/wp\/v2\/comments?post=82332"}],"version-history":[{"count":3,"href":"https:\/\/progepe.ufpr.br\/portarias\/wp-json\/wp\/v2\/posts\/82332\/revisions"}],"predecessor-version":[{"id":257584,"href":"https:\/\/progepe.ufpr.br\/portarias\/wp-json\/wp\/v2\/posts\/82332\/revisions\/257584"}],"wp:attachment":[{"href":"https:\/\/progepe.ufpr.br\/portarias\/wp-json\/wp\/v2\/media?parent=82332"}],"wp:term":[{"taxonomy":"category","embeddable":true,"href":"https:\/\/progepe.ufpr.br\/portarias\/wp-json\/wp\/v2\/categories?post=82332"},{"taxonomy":"post_tag","embeddable":true,"href":"https:\/\/progepe.ufpr.br\/portarias\/wp-json\/wp\/v2\/tags?post=82332"}],"curies":[{"name":"wp","href":"https:\/\/api.w.org\/{rel}","templated":true}]}}