{"id":82334,"date":"2017-01-09T05:03:00","date_gmt":"2017-01-09T07:03:00","guid":{"rendered":"http:\/\/progepe.ufpr.br\/portarias\/rt-2017-00022\/"},"modified":"2023-08-03T13:11:37","modified_gmt":"2023-08-03T16:11:37","slug":"rt-2017-00022","status":"publish","type":"post","link":"https:\/\/progepe.ufpr.br\/portarias\/rt-2017-00022\/","title":{"rendered":"PORTARIA N\u00ba 00022\/REITORIA, DE 09 DE JANEIRO DE 2017"},"content":{"rendered":"\n<p>O Reitor da Universidade Federal do Paran\u00e1, no uso de suas atribui\u00e7\u00f5es, tendo em vista o que consta no artigo 39 do Estatuto desta Universidade e o contido no processo n o 166750\/2016-41,<\/p>\n\n\n<p><strong>RESOLVE:<\/strong><\/p>\n\n\n<p>I. Nomear o servidor CHRISTOPHER THOMAS BLUM &#8211; 203490. ocupante do cargo de Professor, no regime de trabalho de dedica\u00e7\u00e3o exclusiva, para exercer a fun\u00e7\u00e3o gratificada de Chefe do Departamento de Ci\u00eancias Florestais, FG- 01. do Setor de Ci\u00eancias Agr\u00e1rias, pelo per\u00edodo de 02 (dois) anos. a partir da data de publica\u00e7\u00e3o em DOU, de acordo com a Lei n\u00ba 9.527\/97.<\/p><p> IH. O mencionado docente cumprir\u00e1. obrigatoriamente. o regime de trabalho de tempo integral, de acordo com o disposto no $ 5\u00ba. artigo 1\u00ba da Lei n\u00ba 8.168\/91.<\/p><p> Publicado n E o Di\u00e1rio Oficial da Mr. DA\u00c3A Ric\u00e1rdo Marcelo Fonseca De AGIDAAX , Se\u00e7\u00e3o A ,p\u00e1g BG vs<\/p>\n\n\n<div style=\"height:15px\" aria-hidden=\"true\" class=\"wp-block-spacer\"><\/div>\n\n\n<div class=\"wp-block-buttons is-content-justification-right is-layout-flex wp-container-core-buttons-is-layout-1 wp-block-buttons-is-layout-flex\">\n<div class=\"wp-block-button has-custom-font-size is-style-outline has-small-font-size is-style-outline--1\"><a class=\"wp-block-button__link\" href=\"https:\/\/progepe.ufpr.br\/portarias\/wp-content\/uploads\/pcp\/RT\/2017\/022R.pdf\" style=\"border-radius:0px\" target=\"_blank\" rel=\"noreferrer noopener\">Acesse o arquivo da portaria<\/a><\/div><\/div>\n","protected":false},"excerpt":{"rendered":"<p>I. Nomear o servidor CHRISTOPHER THOMAS BLUM &#8211; 203490. ocupante do cargo de Professor, no regime de trabalho de dedica\u00e7\u00e3o exclusiva, para exercer a fun\u00e7\u00e3o gratificada de Chefe do Departamento de Ci\u00eancias Florestais, FG- 01. do Setor de Ci\u00eancias Agr\u00e1rias, pelo per\u00edodo de 02 (dois) anos. a partir da data de publica\u00e7\u00e3o em DOU, de acordo com a Lei n\u00ba 9.527\/97. IH. O mencionado docente cumprir\u00e1. obrigatoriamente. o regime de trabalho de tempo integral, de acordo com o disposto no $ 5\u00ba. artigo 1\u00ba da Lei n\u00ba 8.168\/91. Publicado n E o Di\u00e1rio Oficial da Mr. DA\u00c3A Ric\u00e1rdo<\/p>\n","protected":false},"author":41,"featured_media":0,"comment_status":"closed","ping_status":"open","sticky":false,"template":"wp-custom-template-emissao-entre-01-05-2004-ate-30-06-2017","format":"standard","meta":{"_acf_changed":false,"iawp_total_views":0,"footnotes":""},"categories":[117],"tags":[244],"class_list":["post-82334","post","type-post","status-publish","format-standard","hentry","category-rt","tag-chefe-suplente"],"acf":[],"_links":{"self":[{"href":"https:\/\/progepe.ufpr.br\/portarias\/wp-json\/wp\/v2\/posts\/82334","targetHints":{"allow":["GET"]}}],"collection":[{"href":"https:\/\/progepe.ufpr.br\/portarias\/wp-json\/wp\/v2\/posts"}],"about":[{"href":"https:\/\/progepe.ufpr.br\/portarias\/wp-json\/wp\/v2\/types\/post"}],"author":[{"embeddable":true,"href":"https:\/\/progepe.ufpr.br\/portarias\/wp-json\/wp\/v2\/users\/41"}],"replies":[{"embeddable":true,"href":"https:\/\/progepe.ufpr.br\/portarias\/wp-json\/wp\/v2\/comments?post=82334"}],"version-history":[{"count":1,"href":"https:\/\/progepe.ufpr.br\/portarias\/wp-json\/wp\/v2\/posts\/82334\/revisions"}],"predecessor-version":[{"id":137260,"href":"https:\/\/progepe.ufpr.br\/portarias\/wp-json\/wp\/v2\/posts\/82334\/revisions\/137260"}],"wp:attachment":[{"href":"https:\/\/progepe.ufpr.br\/portarias\/wp-json\/wp\/v2\/media?parent=82334"}],"wp:term":[{"taxonomy":"category","embeddable":true,"href":"https:\/\/progepe.ufpr.br\/portarias\/wp-json\/wp\/v2\/categories?post=82334"},{"taxonomy":"post_tag","embeddable":true,"href":"https:\/\/progepe.ufpr.br\/portarias\/wp-json\/wp\/v2\/tags?post=82334"}],"curies":[{"name":"wp","href":"https:\/\/api.w.org\/{rel}","templated":true}]}}