{"id":82439,"date":"2017-02-03T05:06:00","date_gmt":"2017-02-03T07:06:00","guid":{"rendered":"http:\/\/progepe.ufpr.br\/portarias\/rt-2017-00099\/"},"modified":"2024-07-04T10:46:51","modified_gmt":"2024-07-04T13:46:51","slug":"rt-2017-00099","status":"publish","type":"post","link":"https:\/\/progepe.ufpr.br\/portarias\/rt-2017-00099\/","title":{"rendered":"PORTARIA N\u00ba 00099\/REITORIA, DE 03 DE FEVEREIRO DE 2017"},"content":{"rendered":"\n<p style=\"padding-left:43%\">O Reitor da Universidade Federal do Paran\u00e1, no uso de suas atribui\u00e7\u00f5es e tendo em vista o que consta no processo n\u00ba 23075.149072\/2016-51,<\/p>\n\n\n\n<p style=\"padding-left:43%\"><strong>RESOLVE:<\/strong><\/p>\n\n\n\n<p>Designar para compor a Comiss\u00e3o de Elabora\u00e7\u00e3o do Plano de Dados Abertos da Universidade Federal do Paran\u00e1 &#8211; PDA\/UFPR, os seguintes membros:<\/p>\n\n\n\n<p class=\"has-small-font-size\" style=\"padding-left:var(--wp--preset--spacing--40)\"><strong>Presidente:<\/strong><\/p>\n\n\n\n<p class=\"has-small-font-size\" style=\"padding-left:var(--wp--preset--spacing--60)\">EGON WALTER WILDAUER &#8211; 2508313<\/p>\n\n\n\n<p class=\"has-small-font-size\" style=\"padding-left:var(--wp--preset--spacing--40)\"><strong>Membros:<\/strong><\/p>\n\n\n\n<p class=\"has-small-font-size\" style=\"padding-left:var(--wp--preset--spacing--60)\">FRANCISCO DE ASSIS MENDON\u00c7A &#8211; 2197912<br>EDUARDO SALLES DE OLIVEIRA BARRA &#8211; 1354144<br>LEANDRO FRANKLIN GORSDORF &#8211; 1839031<br>LUCIANA PANKE &#8211; 1518837<br>VALMIR ANTUNES PEREIRA &#8211; 1526015<br>RENATO BOCHICCHIO &#8211; 1523505<br>DENISE CRISTIANE DOS SANTOS &#8211; 1473875<br>MAURO HIROTO SUZUKI &#8211; 1217609<br>SEDIMAR ANTONIO BORTOLIN &#8211; 2620854<br>JOSE HENRIQUE FERREIRA PINTO &#8211; 0671230<br>LEONARDO GOMES DE MELO &#8211; 2643448<\/p>\n","protected":false},"excerpt":{"rendered":"<p>Designar para compor a Comiss\u00e3o de Elabora\u00e7\u00e3o do Plano de Dados Abertos da Universidade Federal do Paran\u00e1 &#8211; PDA\/UFPR, os seguintes membros:  <!-- wp:paragraph {\"style\":{\"spacing\":{\"padding\":{\"left\":\"var:preset|spacing|40\"}}},\"fontSize\":\"small\"} \n\n<p class=\"has-small-font-size\" style=\"padding-left:var(--wp--preset--spacing--40)\"><strong>Presidente:<\/strong>  <!-- wp:paragraph {\"style\":{\"spacing\":{\"padding\":{\"left\":\"var:preset|spacing|60\"}}},\"fontSize\":\"small\"} \n\n<p class=\"has-small-font-size\" style=\"padding-left:var(--wp--preset--spacing--60)\">EGON WALTER WILDAUER - 2508313  <!-- wp:paragraph {\"style\":{\"spacing\":{\"padding\":{\"left\":\"var:preset|spacing|40\"}}},\"fontSize\":\"small\"} \n\n<p class=\"has-small-font-size\" style=\"padding-left:var(--wp--preset--spacing--40)\"><strong>Membros:<\/strong>  <!-- wp:paragraph {\"style\":{\"spacing\":{\"padding\":{\"left\":\"var:preset|spacing|60\"}}},\"fontSize\":\"small\"} \n\n<p class=\"has-small-font-size\" style=\"padding-left:var(--wp--preset--spacing--60)\">FRANCISCO DE ASSIS M\n<\/p>\n","protected":false},"author":41,"featured_media":0,"comment_status":"closed","ping_status":"open","sticky":false,"template":"","format":"standard","meta":{"_acf_changed":false,"iawp_total_views":3,"footnotes":""},"categories":[117],"tags":[124],"class_list":["post-82439","post","type-post","status-publish","format-standard","hentry","category-rt","tag-comissao"],"acf":[],"_links":{"self":[{"href":"https:\/\/progepe.ufpr.br\/portarias\/wp-json\/wp\/v2\/posts\/82439","targetHints":{"allow":["GET"]}}],"collection":[{"href":"https:\/\/progepe.ufpr.br\/portarias\/wp-json\/wp\/v2\/posts"}],"about":[{"href":"https:\/\/progepe.ufpr.br\/portarias\/wp-json\/wp\/v2\/types\/post"}],"author":[{"embeddable":true,"href":"https:\/\/progepe.ufpr.br\/portarias\/wp-json\/wp\/v2\/users\/41"}],"replies":[{"embeddable":true,"href":"https:\/\/progepe.ufpr.br\/portarias\/wp-json\/wp\/v2\/comments?post=82439"}],"version-history":[{"count":3,"href":"https:\/\/progepe.ufpr.br\/portarias\/wp-json\/wp\/v2\/posts\/82439\/revisions"}],"predecessor-version":[{"id":256442,"href":"https:\/\/progepe.ufpr.br\/portarias\/wp-json\/wp\/v2\/posts\/82439\/revisions\/256442"}],"wp:attachment":[{"href":"https:\/\/progepe.ufpr.br\/portarias\/wp-json\/wp\/v2\/media?parent=82439"}],"wp:term":[{"taxonomy":"category","embeddable":true,"href":"https:\/\/progepe.ufpr.br\/portarias\/wp-json\/wp\/v2\/categories?post=82439"},{"taxonomy":"post_tag","embeddable":true,"href":"https:\/\/progepe.ufpr.br\/portarias\/wp-json\/wp\/v2\/tags?post=82439"}],"curies":[{"name":"wp","href":"https:\/\/api.w.org\/{rel}","templated":true}]}}