{"id":82453,"date":"2017-04-05T05:05:00","date_gmt":"2017-04-05T08:05:00","guid":{"rendered":"http:\/\/progepe.ufpr.br\/portarias\/rt-2017-00248\/"},"modified":"2024-09-17T14:00:52","modified_gmt":"2024-09-17T17:00:52","slug":"rt-2017-00248","status":"publish","type":"post","link":"https:\/\/progepe.ufpr.br\/portarias\/rt-2017-00248\/","title":{"rendered":"PORTARIA N\u00ba 00248\/REITORIA, DE 05 DE ABRIL DE 2017"},"content":{"rendered":"\n<p style=\"padding-left:43%\">O Reitor da Universidade Federal do Paran\u00e1, no uso de suas atribui\u00e7\u00f5es e tendo em vista o que consta no processo n\u00ba 23075.164443\/2017-14,<\/p>\n\n\n\n<p style=\"padding-left:43%\"><strong>RESOLVE:<\/strong><\/p>\n\n\n\n<p>Designar, em substitui\u00e7\u00e3o aos servidores MELINA GIRARDI FACHIN &#8211; 1957604 e LUIS AUGUSTO KOENIG VEIGA &#8211; 1294482, os servidores SERGIO SAID STAUT JUNIOR &#8211; 1594932, Professor, lotado no Departamento de Direito Privado do Setor de Ci\u00eancias Jur\u00eddicas e MARIA ISABEL DE MAGALH\u00c3ES PAPATERRA LIMONGI &#8211; 344323, Professora, lotada no Departamento de Filosofia do Setor de Ci\u00eancias Humanas, como membros Suplentes na Comiss\u00e3o de \u00c9tica da Universidade Federal do Paran\u00e1, institu\u00edda pela <a href=\"https:\/\/progepe.ufpr.br\/portarias\/rt-2016-02771\/\" data-type=\"post\" data-id=\"89999\">Portaria n\u00ba 2.771\/REITOR, de 06 de outubro de 2016<\/a>, por 03 (tr\u00eas) anos, a partir de 05 de abril de 2017.<\/p>\n","protected":false},"excerpt":{"rendered":"<p>Designar, em substitui\u00e7\u00e3o aos servidores MELINA GIRARDI FACHIN &#8211; 1957604 e LUIS AUGUSTO KOENIG VEIGA &#8211; 1294482, os servidores SERGIO SAID STAUT JUNIOR &#8211; 1594932, Professor, lotado no Departamento de Direito Privado do Setor de Ci\u00eancias Jur\u00eddicas e MARIA ISABEL DE MAGALH\u00c3ES PAPATERRA LIMONGI &#8211; 344323, Professora, lotada no Departamento de Filosofia do Setor de Ci\u00eancias Humanas, como membros Suplentes na Comiss\u00e3o de \u00c9tica da Universidade Federal do Paran\u00e1, institu\u00edda pela <a href=\"https:\/\/progepe.ufpr.br\/portarias\/rt-2016-02771\/\" data-type=\"post\" data-id=\"89999\">Portaria n\u00ba 2.771\/REITOR, de 06 de outubro de 2016<\/a>, por 03 (tr\u00eas) anos, a partir de 05 de abril de 2017.<\/p>\n","protected":false},"author":41,"featured_media":0,"comment_status":"closed","ping_status":"open","sticky":false,"template":"","format":"standard","meta":{"_acf_changed":false,"iawp_total_views":0,"footnotes":""},"categories":[117],"tags":[124],"class_list":["post-82453","post","type-post","status-publish","format-standard","hentry","category-rt","tag-comissao"],"acf":[],"_links":{"self":[{"href":"https:\/\/progepe.ufpr.br\/portarias\/wp-json\/wp\/v2\/posts\/82453","targetHints":{"allow":["GET"]}}],"collection":[{"href":"https:\/\/progepe.ufpr.br\/portarias\/wp-json\/wp\/v2\/posts"}],"about":[{"href":"https:\/\/progepe.ufpr.br\/portarias\/wp-json\/wp\/v2\/types\/post"}],"author":[{"embeddable":true,"href":"https:\/\/progepe.ufpr.br\/portarias\/wp-json\/wp\/v2\/users\/41"}],"replies":[{"embeddable":true,"href":"https:\/\/progepe.ufpr.br\/portarias\/wp-json\/wp\/v2\/comments?post=82453"}],"version-history":[{"count":2,"href":"https:\/\/progepe.ufpr.br\/portarias\/wp-json\/wp\/v2\/posts\/82453\/revisions"}],"predecessor-version":[{"id":257346,"href":"https:\/\/progepe.ufpr.br\/portarias\/wp-json\/wp\/v2\/posts\/82453\/revisions\/257346"}],"wp:attachment":[{"href":"https:\/\/progepe.ufpr.br\/portarias\/wp-json\/wp\/v2\/media?parent=82453"}],"wp:term":[{"taxonomy":"category","embeddable":true,"href":"https:\/\/progepe.ufpr.br\/portarias\/wp-json\/wp\/v2\/categories?post=82453"},{"taxonomy":"post_tag","embeddable":true,"href":"https:\/\/progepe.ufpr.br\/portarias\/wp-json\/wp\/v2\/tags?post=82453"}],"curies":[{"name":"wp","href":"https:\/\/api.w.org\/{rel}","templated":true}]}}