{"id":82460,"date":"2017-05-11T05:00:00","date_gmt":"2017-05-11T08:00:00","guid":{"rendered":"http:\/\/progepe.ufpr.br\/portarias\/rt-2017-00329\/"},"modified":"2023-07-31T16:28:27","modified_gmt":"2023-07-31T19:28:27","slug":"rt-2017-00329","status":"publish","type":"post","link":"https:\/\/progepe.ufpr.br\/portarias\/rt-2017-00329\/","title":{"rendered":"PORTARIA N\u00ba 00329\/REITORIA, DE 11 DE MAIO DE 2017"},"content":{"rendered":"\n<p>O Reitor da Universidade Federal do Paran\u00e1, no uso de suas atribui\u00e7\u00f5es e tendo em vista o que consta no processo n\u00ba 23075.173137\/2017-61,<\/p>\n\n\n<p><strong>RESOLVE:<\/strong><\/p>\n\n\n<p>I. Designar para compor comiss\u00e3o para revis\u00e3o da Resolu\u00e7\u00e3o n\u00ba 56\/2011-COPLAD, que estabelece normas sobre a flexibiliza\u00e7\u00e3o da jornada de trabalho dos servidores T\u00e9cnico-Administrativos no \u00e2mbito da Universidade Federal do Paran\u00e1, os seguintes membros: Presidente: DOUGLAS ORTIZ HAMERMULLER &#8211; 1560611 Membros: LIGIA NEGRI &#8211; 342718 RENATO BOCHICCHIO &#8211; 1523505 WALTER GUANDALINI JUNIOR &#8211; 2872608 MARILIA PEDROSO XAVIER &#8211; 1209116 CARLA CRISTINA BITDINGER COBALCHI &#8211; 1459164 MARIANE DE SIQUEIRA &#8211; 2166848 ELIAS SEBASTI\u00c3O TORRES DA SILVA &#8211; 1755143 JOSE LEONARDO RAMOS SANTANA &#8211; Discente Suplente: LANIA VIRGINIA BUSNELLO VAZ &#8211; 6344034 II. A comiss\u00e3o ter\u00e1 o prazo de 45 (quarenta e cinco) dias para apresentar a proposta.<\/p><p> Portaria 329\/REITOR (0172253) SEI 23075.173137\/2017-61 \/ pg. 1<\/p>\n\n\n<div style=\"height:15px\" aria-hidden=\"true\" class=\"wp-block-spacer\"><\/div>\n\n\n<div class=\"wp-block-buttons is-content-justification-right is-layout-flex wp-container-core-buttons-is-layout-1 wp-block-buttons-is-layout-flex\">\n<div class=\"wp-block-button has-custom-font-size is-style-outline has-small-font-size is-style-outline--1\"><a class=\"wp-block-button__link\" href=\"https:\/\/progepe.ufpr.br\/portarias\/wp-content\/uploads\/pcp\/RT\/2017\/329R.pdf\" style=\"border-radius:0px\" target=\"_blank\" rel=\"noreferrer noopener\">Acesse o arquivo da portaria<\/a><\/div><\/div>\n","protected":false},"excerpt":{"rendered":"<p>I. Designar para compor comiss\u00e3o para revis\u00e3o da Resolu\u00e7\u00e3o n\u00ba 56\/2011-COPLAD, que estabelece normas sobre a flexibiliza\u00e7\u00e3o da jornada de trabalho dos servidores T\u00e9cnico-Administrativos no \u00e2mbito da Universidade Federal do Paran\u00e1, os seguintes membros: Presidente: DOUGLAS ORTIZ HAMERMULLER &#8211; 1560611 Membros: LIGIA NEGRI &#8211; 342718 RENATO BOCHICCHIO &#8211; 1523505 WALTER GUANDALINI JUNIOR &#8211; 2872608 MARILIA PEDROSO XAVIER &#8211; 1209116 CARLA CRISTINA BITDINGER COBALCHI &#8211; 1459164 MARIANE DE SIQUEIRA &#8211; 2166848 ELIAS SEBASTI\u00c3O TORRES DA SILVA &#8211; 1755143 JOSE LEONARDO RAMOS SANTANA &#8211; Discente Suplente: LANIA VIRGINIA BUSNELLO VAZ &#8211; 6344034 II. A comiss\u00e3o ter\u00e1 o prazo de 45<\/p>\n","protected":false},"author":41,"featured_media":0,"comment_status":"closed","ping_status":"open","sticky":false,"template":"","format":"standard","meta":{"_acf_changed":false,"iawp_total_views":0,"footnotes":""},"categories":[117],"tags":[124],"class_list":["post-82460","post","type-post","status-publish","format-standard","hentry","category-rt","tag-comissao"],"acf":[],"_links":{"self":[{"href":"https:\/\/progepe.ufpr.br\/portarias\/wp-json\/wp\/v2\/posts\/82460","targetHints":{"allow":["GET"]}}],"collection":[{"href":"https:\/\/progepe.ufpr.br\/portarias\/wp-json\/wp\/v2\/posts"}],"about":[{"href":"https:\/\/progepe.ufpr.br\/portarias\/wp-json\/wp\/v2\/types\/post"}],"author":[{"embeddable":true,"href":"https:\/\/progepe.ufpr.br\/portarias\/wp-json\/wp\/v2\/users\/41"}],"replies":[{"embeddable":true,"href":"https:\/\/progepe.ufpr.br\/portarias\/wp-json\/wp\/v2\/comments?post=82460"}],"version-history":[{"count":1,"href":"https:\/\/progepe.ufpr.br\/portarias\/wp-json\/wp\/v2\/posts\/82460\/revisions"}],"predecessor-version":[{"id":137386,"href":"https:\/\/progepe.ufpr.br\/portarias\/wp-json\/wp\/v2\/posts\/82460\/revisions\/137386"}],"wp:attachment":[{"href":"https:\/\/progepe.ufpr.br\/portarias\/wp-json\/wp\/v2\/media?parent=82460"}],"wp:term":[{"taxonomy":"category","embeddable":true,"href":"https:\/\/progepe.ufpr.br\/portarias\/wp-json\/wp\/v2\/categories?post=82460"},{"taxonomy":"post_tag","embeddable":true,"href":"https:\/\/progepe.ufpr.br\/portarias\/wp-json\/wp\/v2\/tags?post=82460"}],"curies":[{"name":"wp","href":"https:\/\/api.w.org\/{rel}","templated":true}]}}