{"id":8247,"date":"2019-10-07T05:20:00","date_gmt":"2019-10-07T08:20:00","guid":{"rendered":"http:\/\/progepe.ufpr.br\/portal\/?post_type=portarias&#038;p=8247"},"modified":"2023-08-03T13:16:17","modified_gmt":"2023-08-03T16:16:17","slug":"rt-2019-00864","status":"publish","type":"post","link":"https:\/\/progepe.ufpr.br\/portarias\/rt-2019-00864\/","title":{"rendered":"PORTARIA N\u00ba 00864\/REITORIA, DE 03 DE OUTUBRO DE 2019"},"content":{"rendered":"\n<p><strong>A Vice-Reitora da Universidade Federal do Paran\u00e1, no\nexerc\u00edcio do cargo de Reitora, <\/strong>no\nuso de suas atribui\u00e7\u00f5es e tendo em vista o que consta no processo n\u00ba 23075.709366\/2019-98,\n\n\n\n<\/p>\n\n\n\n<p>RESOLVE:<\/p>\n\n\n\n<p>Alterar a jornada de trabalho de 40 (quarenta) horas semanais, para 20 (vinte) horas semanais, com remunera\u00e7\u00e3o proporcional, do servidor NILTON ORLANDO DA SILVA &#8211; 1875733, ocupante do cargo de Auxiliar de Enfermagem, lotado na Se\u00e7\u00e3o de Coleta Interna de Amostra do Hospital de Cl\u00ednicas, a partir de 03 de outubro de 2019, tendo em vista o que consta na Medida Provis\u00f3ria n\u00ba 2.174-28, de 24 de agosto de 2001.<\/p>\n\n\n\n<p style=\"text-align:right\">Graciela Ines Bolzon de Muniz<\/p>\n","protected":false},"excerpt":{"rendered":"<p>Alterar a jornada de trabalho de 40 (quarenta) horas semanais, para 20 (vinte) horas semanais, com remunera\u00e7\u00e3o proporcional, do servidor NILTON ORLANDO DA SILVA &#8211; 1875733, ocupante do cargo de Auxiliar de Enfermagem, lotado na Se\u00e7\u00e3o de Coleta Interna de Amostra do Hospital de Cl\u00ednicas, a partir de 03 de outubro de 2019, tendo em vista o que consta na Medida Provis\u00f3ria n\u00ba 2.174-28, de 24 de agosto de 2001.  <!-- wp:paragraph {\"align\":\"right\"} \n\n<p style=\"text-align:right\">Graciela Ines Bolzon de Muniz\n<\/p>\n","protected":false},"author":49,"featured_media":0,"comment_status":"closed","ping_status":"closed","sticky":false,"template":"","format":"standard","meta":{"_acf_changed":false,"iawp_total_views":0,"footnotes":""},"categories":[117],"tags":[130],"class_list":["post-8247","post","type-post","status-publish","format-standard","hentry","category-rt","tag-regime-trabalho"],"acf":[],"_links":{"self":[{"href":"https:\/\/progepe.ufpr.br\/portarias\/wp-json\/wp\/v2\/posts\/8247","targetHints":{"allow":["GET"]}}],"collection":[{"href":"https:\/\/progepe.ufpr.br\/portarias\/wp-json\/wp\/v2\/posts"}],"about":[{"href":"https:\/\/progepe.ufpr.br\/portarias\/wp-json\/wp\/v2\/types\/post"}],"author":[{"embeddable":true,"href":"https:\/\/progepe.ufpr.br\/portarias\/wp-json\/wp\/v2\/users\/49"}],"replies":[{"embeddable":true,"href":"https:\/\/progepe.ufpr.br\/portarias\/wp-json\/wp\/v2\/comments?post=8247"}],"version-history":[{"count":1,"href":"https:\/\/progepe.ufpr.br\/portarias\/wp-json\/wp\/v2\/posts\/8247\/revisions"}],"predecessor-version":[{"id":190469,"href":"https:\/\/progepe.ufpr.br\/portarias\/wp-json\/wp\/v2\/posts\/8247\/revisions\/190469"}],"wp:attachment":[{"href":"https:\/\/progepe.ufpr.br\/portarias\/wp-json\/wp\/v2\/media?parent=8247"}],"wp:term":[{"taxonomy":"category","embeddable":true,"href":"https:\/\/progepe.ufpr.br\/portarias\/wp-json\/wp\/v2\/categories?post=8247"},{"taxonomy":"post_tag","embeddable":true,"href":"https:\/\/progepe.ufpr.br\/portarias\/wp-json\/wp\/v2\/tags?post=8247"}],"curies":[{"name":"wp","href":"https:\/\/api.w.org\/{rel}","templated":true}]}}