{"id":82471,"date":"2017-05-30T05:01:00","date_gmt":"2017-05-30T08:01:00","guid":{"rendered":"http:\/\/progepe.ufpr.br\/portarias\/rt-2017-00377\/"},"modified":"2023-08-03T13:12:15","modified_gmt":"2023-08-03T16:12:15","slug":"rt-2017-00377","status":"publish","type":"post","link":"https:\/\/progepe.ufpr.br\/portarias\/rt-2017-00377\/","title":{"rendered":"PORTARIA N\u00ba 00377\/REITORIA, DE 30 DE MAIO DE 2017"},"content":{"rendered":"\n<p>O Reitor da Universidade Federal do Paran\u00e1, no uso de suas atribui\u00e7\u00f5es, tendo em vista o que consta no processo n\u00ba 23075.177705\/2017-01,<\/p>\n\n\n<p><strong>RESOLVE:<\/strong><\/p>\n\n\n<p>I. Designar, em atendimento \u00e0 Resolu\u00e7\u00e3o n\u00ba 02\/2016-CEPE, para compor a comiss\u00e3o de homologa\u00e7\u00e3o de pedidos de revalida\u00e7\u00e3o de Diploma de Refugiados, os seguintes integrantes: Presidente: WALTER GUANDALINI JUNIOR &#8211; 2872608 Membros: ANDRE DE MACEDO DUARTE &#8211; 1283665 DANIELLE ANNONI &#8211; 1323065 TATYANA SCHEILA FRIEDRICH &#8211; 2422149 II. Esta Portaria cessa os efeitos da Portaria n\u00ba 1.519\/REITOR, de 09 de fevereiro de 2015.<\/p><p><\/p>\n\n\n<div style=\"height:15px\" aria-hidden=\"true\" class=\"wp-block-spacer\"><\/div>\n\n\n<div class=\"wp-block-buttons is-content-justification-right is-layout-flex wp-container-core-buttons-is-layout-1 wp-block-buttons-is-layout-flex\">\n<div class=\"wp-block-button has-custom-font-size is-style-outline has-small-font-size is-style-outline--1\"><a class=\"wp-block-button__link\" href=\"https:\/\/progepe.ufpr.br\/portarias\/wp-content\/uploads\/pcp\/RT\/2017\/377R.pdf\" style=\"border-radius:0px\" target=\"_blank\" rel=\"noreferrer noopener\">Acesse o arquivo da portaria<\/a><\/div><\/div>\n","protected":false},"excerpt":{"rendered":"<p>I. Designar, em atendimento \u00e0 Resolu\u00e7\u00e3o n\u00ba 02\/2016-CEPE, para compor a comiss\u00e3o de homologa\u00e7\u00e3o de pedidos de revalida\u00e7\u00e3o de Diploma de Refugiados, os seguintes integrantes: Presidente: WALTER GUANDALINI JUNIOR &#8211; 2872608 Membros: ANDRE DE MACEDO DUARTE &#8211; 1283665 DANIELLE ANNONI &#8211; 1323065 TATYANA SCHEILA FRIEDRICH &#8211; 2422149 II. Esta Portaria cessa os efeitos da Portaria n\u00ba 1.519\/REITOR, de 09 de fevereiro de 2015.  {&#8220;height&#8221;:&#8221;15px&#8221;} <\/p>\n<div style=\"height:15px\" aria-hidden=\"true\" class=\"wp-block-spacer\"> <!-- \/wp:spacer  {\"layout\":{\"type\":\"flex\",\"justifyContent\":\"right\"}} \n\n<div class=\"wp-block-buttons\"><!-- wp:button {\"style\":{\"border\":{\"radius\":\"0px\"}},\"className\":\"is-style-outline\",\"fontSize\":\"small\"} \n\n<div class=\"wp-block-button has-custom-font-size is-style-outline has-small-font-size\"><a class=\"wp-block-button__link\" href=\"https:\/\/progepe.ufpr.br\/portarias\/wp-content\/uploads\/pcp\/RT\/2017\/377R.pdf\" style=\"border-radius:0px\" target=\"_blank\" rel=\"noreferrer noopener\">Acesse o arquivo da por\n<\/p>\n","protected":false},"author":41,"featured_media":0,"comment_status":"closed","ping_status":"open","sticky":false,"template":"","format":"standard","meta":{"_acf_changed":false,"iawp_total_views":0,"footnotes":""},"categories":[117],"tags":[124],"class_list":["post-82471","post","type-post","status-publish","format-standard","hentry","category-rt","tag-comissao"],"acf":[],"_links":{"self":[{"href":"https:\/\/progepe.ufpr.br\/portarias\/wp-json\/wp\/v2\/posts\/82471","targetHints":{"allow":["GET"]}}],"collection":[{"href":"https:\/\/progepe.ufpr.br\/portarias\/wp-json\/wp\/v2\/posts"}],"about":[{"href":"https:\/\/progepe.ufpr.br\/portarias\/wp-json\/wp\/v2\/types\/post"}],"author":[{"embeddable":true,"href":"https:\/\/progepe.ufpr.br\/portarias\/wp-json\/wp\/v2\/users\/41"}],"replies":[{"embeddable":true,"href":"https:\/\/progepe.ufpr.br\/portarias\/wp-json\/wp\/v2\/comments?post=82471"}],"version-history":[{"count":1,"href":"https:\/\/progepe.ufpr.br\/portarias\/wp-json\/wp\/v2\/posts\/82471\/revisions"}],"predecessor-version":[{"id":137397,"href":"https:\/\/progepe.ufpr.br\/portarias\/wp-json\/wp\/v2\/posts\/82471\/revisions\/137397"}],"wp:attachment":[{"href":"https:\/\/progepe.ufpr.br\/portarias\/wp-json\/wp\/v2\/media?parent=82471"}],"wp:term":[{"taxonomy":"category","embeddable":true,"href":"https:\/\/progepe.ufpr.br\/portarias\/wp-json\/wp\/v2\/categories?post=82471"},{"taxonomy":"post_tag","embeddable":true,"href":"https:\/\/progepe.ufpr.br\/portarias\/wp-json\/wp\/v2\/tags?post=82471"}],"curies":[{"name":"wp","href":"https:\/\/api.w.org\/{rel}","templated":true}]}}