{"id":82514,"date":"2017-10-27T05:05:00","date_gmt":"2017-10-27T07:05:00","guid":{"rendered":"http:\/\/progepe.ufpr.br\/portarias\/rt-2017-00725\/"},"modified":"2024-09-17T14:10:20","modified_gmt":"2024-09-17T17:10:20","slug":"rt-2017-00725","status":"publish","type":"post","link":"https:\/\/progepe.ufpr.br\/portarias\/rt-2017-00725\/","title":{"rendered":"PORTARIA N\u00ba 00725\/REITORIA, DE 27 DE OUTUBRO DE 2017"},"content":{"rendered":"\n<p style=\"padding-left:43%\">O Reitor da Universidade Federal do Paran\u00e1, no uso de suas atribui\u00e7\u00f5es e tendo em vista o que consta no processo n\u00ba 23075.208995\/2017-33,<\/p>\n\n\n\n<p style=\"padding-left:43%\"><strong>RESOLVE:<\/strong><\/p>\n\n\n\n<p>Designar o servidor BRENO MACHADO DE PAULA &#8211; 2267783, Assistente em Administra\u00e7\u00e3o, lotado na Coordenadoria de Planejamento Institucional da Pr\u00f3-Reitoria de Planejamento, Or\u00e7amento e Finan\u00e7as, como membro Suplente da Comiss\u00e3o de \u00c9tica da Universidade Federal do Paran\u00e1, institu\u00edda pela <a href=\"https:\/\/progepe.ufpr.br\/portarias\/rt-2016-02771\/\" data-type=\"post\" data-id=\"89999\">Portaria n\u00ba 2.771\/REITORIA, de 06 de outubro de 2016<\/a>.<\/p>\n","protected":false},"excerpt":{"rendered":"<p>Designar o servidor BRENO MACHADO DE PAULA &#8211; 2267783, Assistente em Administra\u00e7\u00e3o, lotado na Coordenadoria de Planejamento Institucional da Pr\u00f3-Reitoria de Planejamento, Or\u00e7amento e Finan\u00e7as, como membro Suplente da Comiss\u00e3o de \u00c9tica da Universidade Federal do Paran\u00e1, institu\u00edda pela <a href=\"https:\/\/progepe.ufpr.br\/portarias\/rt-2016-02771\/\" data-type=\"post\" data-id=\"89999\">Portaria n\u00ba 2.771\/REITORIA, de 06 de outubro de 2016<\/a>.<\/p>\n","protected":false},"author":41,"featured_media":0,"comment_status":"closed","ping_status":"open","sticky":false,"template":"","format":"standard","meta":{"_acf_changed":false,"iawp_total_views":4,"footnotes":""},"categories":[117],"tags":[124],"class_list":["post-82514","post","type-post","status-publish","format-standard","hentry","category-rt","tag-comissao"],"acf":[],"_links":{"self":[{"href":"https:\/\/progepe.ufpr.br\/portarias\/wp-json\/wp\/v2\/posts\/82514","targetHints":{"allow":["GET"]}}],"collection":[{"href":"https:\/\/progepe.ufpr.br\/portarias\/wp-json\/wp\/v2\/posts"}],"about":[{"href":"https:\/\/progepe.ufpr.br\/portarias\/wp-json\/wp\/v2\/types\/post"}],"author":[{"embeddable":true,"href":"https:\/\/progepe.ufpr.br\/portarias\/wp-json\/wp\/v2\/users\/41"}],"replies":[{"embeddable":true,"href":"https:\/\/progepe.ufpr.br\/portarias\/wp-json\/wp\/v2\/comments?post=82514"}],"version-history":[{"count":2,"href":"https:\/\/progepe.ufpr.br\/portarias\/wp-json\/wp\/v2\/posts\/82514\/revisions"}],"predecessor-version":[{"id":257349,"href":"https:\/\/progepe.ufpr.br\/portarias\/wp-json\/wp\/v2\/posts\/82514\/revisions\/257349"}],"wp:attachment":[{"href":"https:\/\/progepe.ufpr.br\/portarias\/wp-json\/wp\/v2\/media?parent=82514"}],"wp:term":[{"taxonomy":"category","embeddable":true,"href":"https:\/\/progepe.ufpr.br\/portarias\/wp-json\/wp\/v2\/categories?post=82514"},{"taxonomy":"post_tag","embeddable":true,"href":"https:\/\/progepe.ufpr.br\/portarias\/wp-json\/wp\/v2\/tags?post=82514"}],"curies":[{"name":"wp","href":"https:\/\/api.w.org\/{rel}","templated":true}]}}