{"id":82598,"date":"2017-05-08T05:00:00","date_gmt":"2017-05-08T08:00:00","guid":{"rendered":"http:\/\/progepe.ufpr.br\/portarias\/rt-2017-00322\/"},"modified":"2023-07-31T16:28:35","modified_gmt":"2023-07-31T19:28:35","slug":"rt-2017-00322","status":"publish","type":"post","link":"https:\/\/progepe.ufpr.br\/portarias\/rt-2017-00322\/","title":{"rendered":"PORTARIA N\u00ba 00322\/REITORIA, DE 08 DE MAIO DE 2017"},"content":{"rendered":"\n<p>O Reitor da Universidade Federal do Paran\u00e1, no uso de suas atribui\u00e7\u00f5es, tendo em vista o que consta no artigo 50, \u00a7 1\u00ba do Estatuto desta Universidade e o que consta no processo n\u00ba 23075.171667\/2017-74,<\/p>\n\n\n<p><strong>RESOLVE:<\/strong><\/p>\n\n\n<p>I. Nomear o servidor MARCOS ANTONIO SCHREINER &#8211; 2115882, Professor, no regime de trabalho de dedica\u00e7\u00e3o exclusiva, para exercer Fun\u00e7\u00e3o Comissionada de Coordena\u00e7\u00e3o de Curso &#8211; FCC, correspondente ao cargo de Coordenador do Curso de Licenciatura em Ci\u00eancia da Computa\u00e7\u00e3o do Setor Palotina, pelo per\u00edodo de 02 (dois) anos, a partir da data de publica\u00e7\u00e3o em DOU, de acordo com a Lei n\u00ba 9.527\/97, autorizado pela Lei n\u00ba 12.677, de 25 de junho de 2012, publicada no DOU de 26.06.2012 e Portaria do MEC n\u00ba 1.172, de 17 de setembro de 2012.<\/p><p> II. O mencionado servidor cumprir\u00e1, obrigatoriamente, o regime de trabalho de tempo integral, de acordo com o disposto no \u00a7 5\u00ba, artigo 1\u00ba da Lei n\u00ba 8.168\/91.<\/p><p><\/p>\n\n\n<div style=\"height:15px\" aria-hidden=\"true\" class=\"wp-block-spacer\"><\/div>\n\n\n<div class=\"wp-block-buttons is-content-justification-right is-layout-flex wp-container-core-buttons-is-layout-1 wp-block-buttons-is-layout-flex\">\n<div class=\"wp-block-button has-custom-font-size is-style-outline has-small-font-size is-style-outline--1\"><a class=\"wp-block-button__link\" href=\"https:\/\/progepe.ufpr.br\/portarias\/wp-content\/uploads\/pcp\/RT\/2017\/322R.pdf\" style=\"border-radius:0px\" target=\"_blank\" rel=\"noreferrer noopener\">Acesse o arquivo da portaria<\/a><\/div><\/div>\n","protected":false},"excerpt":{"rendered":"<p>I. Nomear o servidor MARCOS ANTONIO SCHREINER &#8211; 2115882, Professor, no regime de trabalho de dedica\u00e7\u00e3o exclusiva, para exercer Fun\u00e7\u00e3o Comissionada de Coordena\u00e7\u00e3o de Curso &#8211; FCC, correspondente ao cargo de Coordenador do Curso de Licenciatura em Ci\u00eancia da Computa\u00e7\u00e3o do Setor Palotina, pelo per\u00edodo de 02 (dois) anos, a partir da data de publica\u00e7\u00e3o em DOU, de acordo com a Lei n\u00ba 9.527\/97, autorizado pela Lei n\u00ba 12.677, de 25 de junho de 2012, publicada no DOU de 26.06.2012 e Portaria do MEC n\u00ba 1.172, de 17 de setembro de 2012. II. O mencionado servidor cumprir\u00e1, obrigatoriamente,<\/p>\n","protected":false},"author":41,"featured_media":0,"comment_status":"closed","ping_status":"open","sticky":false,"template":"","format":"standard","meta":{"_acf_changed":false,"iawp_total_views":0,"footnotes":""},"categories":[117],"tags":[243],"class_list":["post-82598","post","type-post","status-publish","format-standard","hentry","category-rt","tag-coordenador-vice"],"acf":[],"_links":{"self":[{"href":"https:\/\/progepe.ufpr.br\/portarias\/wp-json\/wp\/v2\/posts\/82598","targetHints":{"allow":["GET"]}}],"collection":[{"href":"https:\/\/progepe.ufpr.br\/portarias\/wp-json\/wp\/v2\/posts"}],"about":[{"href":"https:\/\/progepe.ufpr.br\/portarias\/wp-json\/wp\/v2\/types\/post"}],"author":[{"embeddable":true,"href":"https:\/\/progepe.ufpr.br\/portarias\/wp-json\/wp\/v2\/users\/41"}],"replies":[{"embeddable":true,"href":"https:\/\/progepe.ufpr.br\/portarias\/wp-json\/wp\/v2\/comments?post=82598"}],"version-history":[{"count":1,"href":"https:\/\/progepe.ufpr.br\/portarias\/wp-json\/wp\/v2\/posts\/82598\/revisions"}],"predecessor-version":[{"id":137522,"href":"https:\/\/progepe.ufpr.br\/portarias\/wp-json\/wp\/v2\/posts\/82598\/revisions\/137522"}],"wp:attachment":[{"href":"https:\/\/progepe.ufpr.br\/portarias\/wp-json\/wp\/v2\/media?parent=82598"}],"wp:term":[{"taxonomy":"category","embeddable":true,"href":"https:\/\/progepe.ufpr.br\/portarias\/wp-json\/wp\/v2\/categories?post=82598"},{"taxonomy":"post_tag","embeddable":true,"href":"https:\/\/progepe.ufpr.br\/portarias\/wp-json\/wp\/v2\/tags?post=82598"}],"curies":[{"name":"wp","href":"https:\/\/api.w.org\/{rel}","templated":true}]}}