{"id":82600,"date":"2017-05-10T05:00:00","date_gmt":"2017-05-10T08:00:00","guid":{"rendered":"http:\/\/progepe.ufpr.br\/portarias\/rt-2017-00326\/"},"modified":"2023-07-31T16:28:35","modified_gmt":"2023-07-31T19:28:35","slug":"rt-2017-00326","status":"publish","type":"post","link":"https:\/\/progepe.ufpr.br\/portarias\/rt-2017-00326\/","title":{"rendered":"PORTARIA N\u00ba 00326\/REITORIA, DE 10 DE MAIO DE 2017"},"content":{"rendered":"\n<p>O Reitor da Universidade Federal do Paran\u00e1, no uso de suas atribui\u00e7\u00f5es, tendo em vista o que consta no Artigo 51, \u00a7 \u00danico do Regimento Geral desta Universidade e o contido no processo n\u00ba 23075.171668\/2017-19,<\/p>\n\n\n<p><strong>RESOLVE:<\/strong><\/p>\n\n\n<p>I. Nomear a servidora IVONETE ROSSI BAUTITZ &#8211; 1846707, Professora, no regime de trabalho de dedica\u00e7\u00e3o exclusiva, para exercer Fun\u00e7\u00e3o Comissionada de Coordena\u00e7\u00e3o de Curso &#8211; FCC, correspondente ao cargo de Coordenadora do Programa de P\u00f3s- Gradua\u00e7\u00e3o em Tecnologias de Bioprodutos Agroindustriais do Setor Palotina, pelo per\u00edodo de 02 (dois) anos, a partir da data de publica\u00e7\u00e3o em DOU, de acordo com a Lei n\u00ba 9.527\/97, autorizado pela Lei n\u00ba 12.677, de 25 de junho de 2012, publicada no DOU de 26.06.2012 e Portaria do MEC n\u00ba 1.172, de 17 de setembro de 2012.<\/p><p> II. A mencionada servidora cumprir\u00e1, obrigatoriamente, o regime de trabalho de tempo integral, de acordo com o disposto no \u00a7 5\u00ba, artigo 1\u00ba da Lei n\u00ba 8.168\/91.<\/p><p><\/p>\n\n\n<div style=\"height:15px\" aria-hidden=\"true\" class=\"wp-block-spacer\"><\/div>\n\n\n<div class=\"wp-block-buttons is-content-justification-right is-layout-flex wp-container-core-buttons-is-layout-1 wp-block-buttons-is-layout-flex\">\n<div class=\"wp-block-button has-custom-font-size is-style-outline has-small-font-size is-style-outline--1\"><a class=\"wp-block-button__link\" href=\"https:\/\/progepe.ufpr.br\/portarias\/wp-content\/uploads\/pcp\/RT\/2017\/326R.pdf\" style=\"border-radius:0px\" target=\"_blank\" rel=\"noreferrer noopener\">Acesse o arquivo da portaria<\/a><\/div><\/div>\n","protected":false},"excerpt":{"rendered":"<p>I. Nomear a servidora IVONETE ROSSI BAUTITZ &#8211; 1846707, Professora, no regime de trabalho de dedica\u00e7\u00e3o exclusiva, para exercer Fun\u00e7\u00e3o Comissionada de Coordena\u00e7\u00e3o de Curso &#8211; FCC, correspondente ao cargo de Coordenadora do Programa de P\u00f3s- Gradua\u00e7\u00e3o em Tecnologias de Bioprodutos Agroindustriais do Setor Palotina, pelo per\u00edodo de 02 (dois) anos, a partir da data de publica\u00e7\u00e3o em DOU, de acordo com a Lei n\u00ba 9.527\/97, autorizado pela Lei n\u00ba 12.677, de 25 de junho de 2012, publicada no DOU de 26.06.2012 e Portaria do MEC n\u00ba 1.172, de 17 de setembro de 2012. II. A mencionada servidora<\/p>\n","protected":false},"author":41,"featured_media":0,"comment_status":"closed","ping_status":"open","sticky":false,"template":"","format":"standard","meta":{"_acf_changed":false,"iawp_total_views":0,"footnotes":""},"categories":[117],"tags":[243],"class_list":["post-82600","post","type-post","status-publish","format-standard","hentry","category-rt","tag-coordenador-vice"],"acf":[],"_links":{"self":[{"href":"https:\/\/progepe.ufpr.br\/portarias\/wp-json\/wp\/v2\/posts\/82600","targetHints":{"allow":["GET"]}}],"collection":[{"href":"https:\/\/progepe.ufpr.br\/portarias\/wp-json\/wp\/v2\/posts"}],"about":[{"href":"https:\/\/progepe.ufpr.br\/portarias\/wp-json\/wp\/v2\/types\/post"}],"author":[{"embeddable":true,"href":"https:\/\/progepe.ufpr.br\/portarias\/wp-json\/wp\/v2\/users\/41"}],"replies":[{"embeddable":true,"href":"https:\/\/progepe.ufpr.br\/portarias\/wp-json\/wp\/v2\/comments?post=82600"}],"version-history":[{"count":1,"href":"https:\/\/progepe.ufpr.br\/portarias\/wp-json\/wp\/v2\/posts\/82600\/revisions"}],"predecessor-version":[{"id":137524,"href":"https:\/\/progepe.ufpr.br\/portarias\/wp-json\/wp\/v2\/posts\/82600\/revisions\/137524"}],"wp:attachment":[{"href":"https:\/\/progepe.ufpr.br\/portarias\/wp-json\/wp\/v2\/media?parent=82600"}],"wp:term":[{"taxonomy":"category","embeddable":true,"href":"https:\/\/progepe.ufpr.br\/portarias\/wp-json\/wp\/v2\/categories?post=82600"},{"taxonomy":"post_tag","embeddable":true,"href":"https:\/\/progepe.ufpr.br\/portarias\/wp-json\/wp\/v2\/tags?post=82600"}],"curies":[{"name":"wp","href":"https:\/\/api.w.org\/{rel}","templated":true}]}}