{"id":82798,"date":"2017-01-26T05:00:00","date_gmt":"2017-01-26T07:00:00","guid":{"rendered":"http:\/\/progepe.ufpr.br\/portarias\/rt-2017-00075\/"},"modified":"2023-07-31T16:28:48","modified_gmt":"2023-07-31T19:28:48","slug":"rt-2017-00075","status":"publish","type":"post","link":"https:\/\/progepe.ufpr.br\/portarias\/rt-2017-00075\/","title":{"rendered":"PORTARIA N\u00ba 00075\/REITORIA, DE 26 DE JANEIRO DE 2017"},"content":{"rendered":"\n<p>O Reitor da Universidade Federal do Paran\u00e1, no uso de sua atribui\u00e7\u00e3o conferida pelo \u00a7 5\u00ba, art. 1\u00ba do Decreto n\u00ba 1.916\/96 e tendo em vista o que consta no processo n\u00ba 23075.250976\/2016-29,<\/p>\n\n\n<p><strong>RESOLVE:<\/strong><\/p>\n\n\n<p>I. Nomear o servidor MARCOS SFAIR SUNYE &#8211; 1217082, ocupante do cargo de Professor, no regime de trabalho de dedica\u00e7\u00e3o exclusiva, para exercer o cargo de Diretor do Setor de Ci\u00eancias Exatas, CD-03, desta Universidade, com o mandato de 04 (quatro) anos, conforme o disposto na Lei n\u00ba 9.192\/95, a partir da data de publica\u00e7\u00e3o em DOU, de acordo com a Lei n\u00ba 9.527\/97.<\/p><p> II. O mencionado docente cumprir\u00e1, obrigatoriamente, o regime de trabalho de tempo integral, de acordo com o disposto no \u00a7 5\u00ba, artigo 1\u00ba da Lei n\u00ba 8.168\/91.<\/p><p><\/p>\n\n\n<div style=\"height:15px\" aria-hidden=\"true\" class=\"wp-block-spacer\"><\/div>\n\n\n<div class=\"wp-block-buttons is-content-justification-right is-layout-flex wp-container-core-buttons-is-layout-1 wp-block-buttons-is-layout-flex\">\n<div class=\"wp-block-button has-custom-font-size is-style-outline has-small-font-size is-style-outline--1\"><a class=\"wp-block-button__link\" href=\"https:\/\/progepe.ufpr.br\/portarias\/wp-content\/uploads\/pcp\/RT\/2017\/075R.pdf\" style=\"border-radius:0px\" target=\"_blank\" rel=\"noreferrer noopener\">Acesse o arquivo da portaria<\/a><\/div><\/div>\n","protected":false},"excerpt":{"rendered":"<p>I. Nomear o servidor MARCOS SFAIR SUNYE &#8211; 1217082, ocupante do cargo de Professor, no regime de trabalho de dedica\u00e7\u00e3o exclusiva, para exercer o cargo de Diretor do Setor de Ci\u00eancias Exatas, CD-03, desta Universidade, com o mandato de 04 (quatro) anos, conforme o disposto na Lei n\u00ba 9.192\/95, a partir da data de publica\u00e7\u00e3o em DOU, de acordo com a Lei n\u00ba 9.527\/97. II. O mencionado docente cumprir\u00e1, obrigatoriamente, o regime de trabalho de tempo integral, de acordo com o disposto no \u00a7 5\u00ba, artigo 1\u00ba da Lei n\u00ba 8.168\/91.  {&#8220;height&#8221;:&#8221;15px&#8221;} <\/p>\n<div style=\"height:15px\" aria-hidden=\"true\" class=\"wp-block-spacer\"> <!--\n<\/p>\n","protected":false},"author":41,"featured_media":0,"comment_status":"closed","ping_status":"open","sticky":false,"template":"","format":"standard","meta":{"_acf_changed":false,"iawp_total_views":0,"footnotes":""},"categories":[117],"tags":[242],"class_list":["post-82798","post","type-post","status-publish","format-standard","hentry","category-rt","tag-diretor-vice"],"acf":[],"_links":{"self":[{"href":"https:\/\/progepe.ufpr.br\/portarias\/wp-json\/wp\/v2\/posts\/82798","targetHints":{"allow":["GET"]}}],"collection":[{"href":"https:\/\/progepe.ufpr.br\/portarias\/wp-json\/wp\/v2\/posts"}],"about":[{"href":"https:\/\/progepe.ufpr.br\/portarias\/wp-json\/wp\/v2\/types\/post"}],"author":[{"embeddable":true,"href":"https:\/\/progepe.ufpr.br\/portarias\/wp-json\/wp\/v2\/users\/41"}],"replies":[{"embeddable":true,"href":"https:\/\/progepe.ufpr.br\/portarias\/wp-json\/wp\/v2\/comments?post=82798"}],"version-history":[{"count":1,"href":"https:\/\/progepe.ufpr.br\/portarias\/wp-json\/wp\/v2\/posts\/82798\/revisions"}],"predecessor-version":[{"id":137722,"href":"https:\/\/progepe.ufpr.br\/portarias\/wp-json\/wp\/v2\/posts\/82798\/revisions\/137722"}],"wp:attachment":[{"href":"https:\/\/progepe.ufpr.br\/portarias\/wp-json\/wp\/v2\/media?parent=82798"}],"wp:term":[{"taxonomy":"category","embeddable":true,"href":"https:\/\/progepe.ufpr.br\/portarias\/wp-json\/wp\/v2\/categories?post=82798"},{"taxonomy":"post_tag","embeddable":true,"href":"https:\/\/progepe.ufpr.br\/portarias\/wp-json\/wp\/v2\/tags?post=82798"}],"curies":[{"name":"wp","href":"https:\/\/api.w.org\/{rel}","templated":true}]}}