{"id":82816,"date":"2017-01-10T05:00:00","date_gmt":"2017-01-10T07:00:00","guid":{"rendered":"http:\/\/progepe.ufpr.br\/portarias\/rt-2017-00031\/"},"modified":"2023-07-31T16:28:49","modified_gmt":"2023-07-31T19:28:49","slug":"rt-2017-00031","status":"publish","type":"post","link":"https:\/\/progepe.ufpr.br\/portarias\/rt-2017-00031\/","title":{"rendered":"PORTARIA N\u00ba 00031\/REITORIA, DE 10 DE JANEIRO DE 2017"},"content":{"rendered":"\n<p>O Reitor da Universidade Federal do Paran\u00e1, no uso de suas atribui\u00e7\u00f5es e tendo em vista o que consta no processo n\u00ba 23075.150564\/2017-71,<\/p>\n\n\n<p><strong>RESOLVE:<\/strong><\/p>\n\n\n<p>Designar, tendo em vista a exonera\u00e7\u00e3o do servidor FLAVIO DANIEL SAAVEDRA TOMASICH &#8211; 189774 do cargo de Superintendente do Hospital de Cl\u00ednicas e da Maternidade Victor Ferreira do Amaral da UFPR, filial da Empresa Brasileira de Servi\u00e7os Hospitalares &#8211; EBSERH; e, considerando o que consta na Cl\u00e1usula Nona, Inciso I, do Contrato de Gest\u00e3o Especial Gratuita que entre si celebram a UFPR e a EBSEHR, a servidora CLAUDETE REGGIANI &#8211; 141640, matr\u00edcula SIAPE n\u00ba 6342760, ocupante do cargo de M\u00e9dica &#8211; \u00c1rea, lotada no Setor de Ci\u00eancias da Sa\u00fade, para responder interinamente pelo citado cargo, a partir de 09 de janeiro de 2017 at\u00e9 a nomea\u00e7\u00e3o definitiva realizada pela EBSEHR.<\/p><p><\/p>\n\n\n<div style=\"height:15px\" aria-hidden=\"true\" class=\"wp-block-spacer\"><\/div>\n\n\n<div class=\"wp-block-buttons is-content-justification-right is-layout-flex wp-container-core-buttons-is-layout-1 wp-block-buttons-is-layout-flex\">\n<div class=\"wp-block-button has-custom-font-size is-style-outline has-small-font-size is-style-outline--1\"><a class=\"wp-block-button__link\" href=\"https:\/\/progepe.ufpr.br\/portarias\/wp-content\/uploads\/pcp\/RT\/2017\/031R.pdf\" style=\"border-radius:0px\" target=\"_blank\" rel=\"noreferrer noopener\">Acesse o arquivo da portaria<\/a><\/div><\/div>\n","protected":false},"excerpt":{"rendered":"<p>Designar, tendo em vista a exonera\u00e7\u00e3o do servidor FLAVIO DANIEL SAAVEDRA TOMASICH &#8211; 189774 do cargo de Superintendente do Hospital de Cl\u00ednicas e da Maternidade Victor Ferreira do Amaral da UFPR, filial da Empresa Brasileira de Servi\u00e7os Hospitalares &#8211; EBSERH; e, considerando o que consta na Cl\u00e1usula Nona, Inciso I, do Contrato de Gest\u00e3o Especial Gratuita que entre si celebram a UFPR e a EBSEHR, a servidora CLAUDETE REGGIANI &#8211; 141640, matr\u00edcula SIAPE n\u00ba 6342760, ocupante do cargo de M\u00e9dica &#8211; \u00c1rea, lotada no Setor de Ci\u00eancias da Sa\u00fade, para responder interinamente pelo citado cargo, a partir de<\/p>\n","protected":false},"author":41,"featured_media":0,"comment_status":"closed","ping_status":"open","sticky":false,"template":"","format":"standard","meta":{"_acf_changed":false,"iawp_total_views":0,"footnotes":""},"categories":[117],"tags":[119],"class_list":["post-82816","post","type-post","status-publish","format-standard","hentry","category-rt","tag-diversos"],"acf":[],"_links":{"self":[{"href":"https:\/\/progepe.ufpr.br\/portarias\/wp-json\/wp\/v2\/posts\/82816","targetHints":{"allow":["GET"]}}],"collection":[{"href":"https:\/\/progepe.ufpr.br\/portarias\/wp-json\/wp\/v2\/posts"}],"about":[{"href":"https:\/\/progepe.ufpr.br\/portarias\/wp-json\/wp\/v2\/types\/post"}],"author":[{"embeddable":true,"href":"https:\/\/progepe.ufpr.br\/portarias\/wp-json\/wp\/v2\/users\/41"}],"replies":[{"embeddable":true,"href":"https:\/\/progepe.ufpr.br\/portarias\/wp-json\/wp\/v2\/comments?post=82816"}],"version-history":[{"count":1,"href":"https:\/\/progepe.ufpr.br\/portarias\/wp-json\/wp\/v2\/posts\/82816\/revisions"}],"predecessor-version":[{"id":137740,"href":"https:\/\/progepe.ufpr.br\/portarias\/wp-json\/wp\/v2\/posts\/82816\/revisions\/137740"}],"wp:attachment":[{"href":"https:\/\/progepe.ufpr.br\/portarias\/wp-json\/wp\/v2\/media?parent=82816"}],"wp:term":[{"taxonomy":"category","embeddable":true,"href":"https:\/\/progepe.ufpr.br\/portarias\/wp-json\/wp\/v2\/categories?post=82816"},{"taxonomy":"post_tag","embeddable":true,"href":"https:\/\/progepe.ufpr.br\/portarias\/wp-json\/wp\/v2\/tags?post=82816"}],"curies":[{"name":"wp","href":"https:\/\/api.w.org\/{rel}","templated":true}]}}