{"id":82821,"date":"2017-02-03T05:05:00","date_gmt":"2017-02-03T07:05:00","guid":{"rendered":"http:\/\/progepe.ufpr.br\/portarias\/rt-2017-00098\/"},"modified":"2024-12-13T08:51:20","modified_gmt":"2024-12-13T11:51:20","slug":"rt-2017-00098","status":"publish","type":"post","link":"https:\/\/progepe.ufpr.br\/portarias\/rt-2017-00098\/","title":{"rendered":"PORTARIA N\u00ba 00098\/REITORIA, DE 03 DE FEVEREIRO DE 2017"},"content":{"rendered":"\n<p style=\"padding-left:43%\">O Reitor da Universidade Federal do Paran\u00e1, no uso de suas atribui\u00e7\u00f5es e tendo em vista o que consta no processo n\u00ba 23075.153851\/2017-32,<\/p>\n\n\n\n<p style=\"padding-left:43%\"><strong>RESOLVE:<\/strong><\/p>\n\n\n\n<p>Designar, a partir de 02 de fevereiro de 2017, o servidor LUIZ FERNANDO NADOLNY &#8211; 344199, Assessor de Assuntos Especiais do Gabinete do Reitor, como ordenador de despesas da Pr\u00f3-Reitoria de Administra\u00e7\u00e3o nos impedimentos do Pr\u00f3-Reitor de Administra\u00e7\u00e3o, MARCO ANTONIO RIBAS CAVALIERI &#8211; 1788541.<\/p>\n","protected":false},"excerpt":{"rendered":"<p>Designar, a partir de 02 de fevereiro de 2017, o servidor LUIZ FERNANDO NADOLNY &#8211; 344199, Assessor de Assuntos Especiais do Gabinete do Reitor, como ordenador de despesas da Pr\u00f3-Reitoria de Administra\u00e7\u00e3o nos impedimentos do Pr\u00f3-Reitor de Administra\u00e7\u00e3o, MARCO ANTONIO RIBAS CAVALIERI &#8211; 1788541.<\/p>\n","protected":false},"author":41,"featured_media":0,"comment_status":"closed","ping_status":"open","sticky":false,"template":"","format":"standard","meta":{"_acf_changed":false,"iawp_total_views":1,"footnotes":""},"categories":[117],"tags":[119],"class_list":["post-82821","post","type-post","status-publish","format-standard","hentry","category-rt","tag-diversos"],"acf":[],"_links":{"self":[{"href":"https:\/\/progepe.ufpr.br\/portarias\/wp-json\/wp\/v2\/posts\/82821","targetHints":{"allow":["GET"]}}],"collection":[{"href":"https:\/\/progepe.ufpr.br\/portarias\/wp-json\/wp\/v2\/posts"}],"about":[{"href":"https:\/\/progepe.ufpr.br\/portarias\/wp-json\/wp\/v2\/types\/post"}],"author":[{"embeddable":true,"href":"https:\/\/progepe.ufpr.br\/portarias\/wp-json\/wp\/v2\/users\/41"}],"replies":[{"embeddable":true,"href":"https:\/\/progepe.ufpr.br\/portarias\/wp-json\/wp\/v2\/comments?post=82821"}],"version-history":[{"count":3,"href":"https:\/\/progepe.ufpr.br\/portarias\/wp-json\/wp\/v2\/posts\/82821\/revisions"}],"predecessor-version":[{"id":258112,"href":"https:\/\/progepe.ufpr.br\/portarias\/wp-json\/wp\/v2\/posts\/82821\/revisions\/258112"}],"wp:attachment":[{"href":"https:\/\/progepe.ufpr.br\/portarias\/wp-json\/wp\/v2\/media?parent=82821"}],"wp:term":[{"taxonomy":"category","embeddable":true,"href":"https:\/\/progepe.ufpr.br\/portarias\/wp-json\/wp\/v2\/categories?post=82821"},{"taxonomy":"post_tag","embeddable":true,"href":"https:\/\/progepe.ufpr.br\/portarias\/wp-json\/wp\/v2\/tags?post=82821"}],"curies":[{"name":"wp","href":"https:\/\/api.w.org\/{rel}","templated":true}]}}