{"id":82851,"date":"2017-10-09T05:00:00","date_gmt":"2017-10-09T08:00:00","guid":{"rendered":"http:\/\/progepe.ufpr.br\/portarias\/rt-2017-00665\/"},"modified":"2023-07-31T16:28:52","modified_gmt":"2023-07-31T19:28:52","slug":"rt-2017-00665","status":"publish","type":"post","link":"https:\/\/progepe.ufpr.br\/portarias\/rt-2017-00665\/","title":{"rendered":"PORTARIA N\u00ba 00665\/REITORIA, DE 09 DE OUTUBRO DE 2017"},"content":{"rendered":"\n<p>O Reitor da Universidade Federal do Paran\u00e1, no uso de suas atribui\u00e7\u00f5es e tendo em vista a indica\u00e7\u00e3o de nomes pela comiss\u00e3o especial de valida\u00e7\u00e3o de autodeclara\u00e7\u00e3o de candidatos a processos seletivos da UFPR autoidentificados pretos ou pardos (CEV-PP), conforme disposto no \u00a7 2\u00ba do Art. 7\u00ba da Resolu\u00e7\u00e3o n\u00ba 20\/2017- CEPE; e, o que consta no processo n\u00ba 23075.206496\/2017-10,<\/p>\n\n\n<p><strong>RESOLVE:<\/strong><\/p>\n\n\n<p>Designar para compor o cadastro de consultores para valida\u00e7\u00e3o de autodeclara\u00e7\u00e3o de candidatos pretos e pardos, os seguintes membros: ADRIANA INES DE PAULA &#8211; 1745830 ANA PAULA NASCIMENTO LOUREN\u00c7O ANA LUCIA MATHIAS FERNANDES COELHO ANGELA COUTO MACHADO FONSECA &#8211; 2306631 ANGELICA ROXINSKY DE CARVALHO ARIANNE CARVALHO &#8211; 1227750 BRUNA GIMENES FERREIRA ARROYO POGGERE &#8211; 1829712 BRUNO SCOPEL &#8211; 2376589 CAROLINA DOS ANJOS DE BORBA &#8211; 1227874 CLAUDEMIR DO AMARAL CLAUDEMIRA VIEIRA GUSM\u00c3O LOPES &#8211; 2154017 CLECI DA CRUZ MARTINS DANIELLE ANNONI &#8211; 1323065 DANIELE GRACIANE DE SOUZA &#8211; 1652120 DEBORA EVELYN OLIMPIO DEBORA KAULE &#8211; 1537758 DORA LUCIA DE LIMA BERTULIO EDICELIA MARIA DOS SANTOS SOUZA EMERSON URIZZI CERVI &#8211; 1624076 FABIANE MOREIRA DA SILVA GABRIELA ISABEL REYES ORMENO &#8211; 2858714 Portaria 665\/REITORIA (0470760) SEI 23075.206496\/2017-10 \/ pg. 1 GISELE MINOZZO DOS SANTOS HELIANA NEVES HEMETERIO DOS SANTOS IVANETE PAULINO XAVIER RAIMUNDO &#8211; 343109 IZAQUE PEREIRA DE SOUZA JAIME TADEU DA SILVA JANE MARCIA MADUREIRA ARRUDA JO\u00c3O GABRIEL SANTANA JOSAFA MOREIRA DA CUNHA &#8211; 2082621 JUDIT GOMES DA SILVA &#8211; 1257053 KATYA REGINA ISAGUIRRE TORRES &#8211; 1920051 KELVY KADGE OLIVEIRA NOGUEIRA &#8211; 1657720 LARISSA LIZ ODRESKI RAMINA &#8211; 2974859 LAURA CERETTA MOREIRA &#8211; 1066094 LIGIA MARIA ROSSETTO &#8211; 1749692 LUCIMAR ROSA DIAS &#8211; 1305210 MARIA DE LOURDES DE SOUZA MARIA PATRICIA CELESTINO DE OLIVEIRA MAURO JOSE BELLI &#8211; 6342285 MEGG RAYARA GOMES DE OLIVEIRA &#8211; 2361658 NAIRA OLIVEIRA MARQUES NATALIA LUIZA DE SOUZA NAURA TONIN ANGONESE &#8211; 2300052 NIVALDO DOS SANTOS ARRUDA PATRICIA PAULA SCHELP &#8211; 1761163 PAULO VINICIUS BAPTISTA DA SILVA &#8211; 2170452 PRISCILA DO ROCIO OLIVEIRA DE SOUZA RENATA CRISTINA DA COSTA GOTARDO &#8211; 1749662 SANCIARAY YARHA DA SILVA ROSA SERGIO MIGUEL JOSE SILVIA MARIA AMORIM LIMA &#8211; 1751462 SOLANGE APARECIDA ROSA TANIA MARA PACIFICO TATYANA SCHEILA FRIEDRICH &#8211; 2422149 TAYSA SCHIOCCHET &#8211; 2283506 THIAGO RAFAEL MAZZAROLLO &#8211; 2344359 VALERIA DOS SANTOS DE OLIVEIRA &#8211; 1837892 WATENA FERREIRA N\u2019TCHALA<\/p>\n\n\n<div style=\"height:15px\" aria-hidden=\"true\" class=\"wp-block-spacer\"><\/div>\n\n\n<div class=\"wp-block-buttons is-content-justification-right is-layout-flex wp-container-core-buttons-is-layout-1 wp-block-buttons-is-layout-flex\">\n<div class=\"wp-block-button has-custom-font-size is-style-outline has-small-font-size is-style-outline--1\"><a class=\"wp-block-button__link\" href=\"https:\/\/progepe.ufpr.br\/portarias\/wp-content\/uploads\/pcp\/RT\/2017\/665R.pdf\" style=\"border-radius:0px\" target=\"_blank\" rel=\"noreferrer noopener\">Acesse o arquivo da portaria<\/a><\/div><\/div>\n","protected":false},"excerpt":{"rendered":"<p>Designar para compor o cadastro de consultores para valida\u00e7\u00e3o de autodeclara\u00e7\u00e3o de candidatos pretos e pardos, os seguintes membros: ADRIANA INES DE PAULA &#8211; 1745830 ANA PAULA NASCIMENTO LOUREN\u00c7O ANA LUCIA MATHIAS FERNANDES COELHO ANGELA COUTO MACHADO FONSECA &#8211; 2306631 ANGELICA ROXINSKY DE CARVALHO ARIANNE CARVALHO &#8211; 1227750 BRUNA GIMENES FERREIRA ARROYO POGGERE &#8211; 1829712 BRUNO SCOPEL &#8211; 2376589 CAROLINA DOS ANJOS DE BORBA &#8211; 1227874 CLAUDEMIR DO AMARAL CLAUDEMIRA VIEIRA GUSM\u00c3O LOPES &#8211; 2154017 CLECI DA CRUZ MARTINS DANIELLE ANNONI &#8211; 1323065 DANIELE GRACIANE DE SOUZA &#8211; 1652120 DEBORA EVELYN OLIMPIO DEBORA KAULE &#8211; 1537758 DORA LUCIA<\/p>\n","protected":false},"author":41,"featured_media":0,"comment_status":"closed","ping_status":"open","sticky":false,"template":"","format":"standard","meta":{"_acf_changed":false,"iawp_total_views":5,"footnotes":""},"categories":[117],"tags":[119],"class_list":["post-82851","post","type-post","status-publish","format-standard","hentry","category-rt","tag-diversos"],"acf":[],"_links":{"self":[{"href":"https:\/\/progepe.ufpr.br\/portarias\/wp-json\/wp\/v2\/posts\/82851","targetHints":{"allow":["GET"]}}],"collection":[{"href":"https:\/\/progepe.ufpr.br\/portarias\/wp-json\/wp\/v2\/posts"}],"about":[{"href":"https:\/\/progepe.ufpr.br\/portarias\/wp-json\/wp\/v2\/types\/post"}],"author":[{"embeddable":true,"href":"https:\/\/progepe.ufpr.br\/portarias\/wp-json\/wp\/v2\/users\/41"}],"replies":[{"embeddable":true,"href":"https:\/\/progepe.ufpr.br\/portarias\/wp-json\/wp\/v2\/comments?post=82851"}],"version-history":[{"count":1,"href":"https:\/\/progepe.ufpr.br\/portarias\/wp-json\/wp\/v2\/posts\/82851\/revisions"}],"predecessor-version":[{"id":137775,"href":"https:\/\/progepe.ufpr.br\/portarias\/wp-json\/wp\/v2\/posts\/82851\/revisions\/137775"}],"wp:attachment":[{"href":"https:\/\/progepe.ufpr.br\/portarias\/wp-json\/wp\/v2\/media?parent=82851"}],"wp:term":[{"taxonomy":"category","embeddable":true,"href":"https:\/\/progepe.ufpr.br\/portarias\/wp-json\/wp\/v2\/categories?post=82851"},{"taxonomy":"post_tag","embeddable":true,"href":"https:\/\/progepe.ufpr.br\/portarias\/wp-json\/wp\/v2\/tags?post=82851"}],"curies":[{"name":"wp","href":"https:\/\/api.w.org\/{rel}","templated":true}]}}